{"id":874,"date":"2024-09-04T14:45:08","date_gmt":"2024-09-04T14:45:08","guid":{"rendered":"https:\/\/woodsartinstitute.com\/tickets-copy\/"},"modified":"2025-05-27T14:16:31","modified_gmt":"2025-05-27T14:16:31","slug":"filmreihe","status":"publish","type":"post","link":"https:\/\/woodsartinstitute.com\/en\/filmreihe\/","title":{"rendered":"Filmreihe"},"content":{"rendered":"","protected":false},"excerpt":{"rendered":"","protected":false},"author":2,"featured_media":1102,"comment_status":"closed","ping_status":"closed","sticky":false,"template":"","format":"standard","meta":[],"categories":[1],"tags":[],"class_list":["post-874","post","type-post","status-publish","has-post-thumbnail","hentry","category-work"],"grid":"{\r\n  \"colCount\": 12,\r\n  \"colGutter\": 1,\r\n  \"rowGutters\": [\r\n    0,\r\n    20,\r\n    40,\r\n    40,\r\n    0,\r\n    40,\r\n    40,\r\n    40,\r\n    150,\r\n    150,\r\n    150,\r\n    150\r\n  ],\r\n  \"frameMargin\": 3,\r\n  \"topFrameMargin\": 200,\r\n  \"bottomFrameMargin\": 200,\r\n  \"rowAttrs\": [\r\n    {\r\n      \"relid\": 13\r\n    },\r\n    {\r\n      \"relid\": 10\r\n    },\r\n    {\r\n      \"relid\": 35\r\n    },\r\n    {\r\n      \"relid\": 60\r\n    },\r\n    {\r\n      \"relid\": 31\r\n    },\r\n    {\r\n      \"relid\": 42\r\n    },\r\n    {\r\n      \"relid\": 68\r\n    },\r\n    {\r\n      \"relid\": 7\r\n    },\r\n    {\r\n      \"relid\": 27\r\n    },\r\n    {\r\n      \"relid\": 58\r\n    },\r\n    {\r\n      \"relid\": 30\r\n    },\r\n    {\r\n      \"relid\": 16\r\n    },\r\n    {\r\n      \"relid\": 32\r\n    }\r\n  ],\r\n  \"bgColor\": null,\r\n  \"cont\": [\r\n    {\r\n      \"type\": \"text\",\r\n      \"cont\": \"<p class=\\\"_Default\\\"><span style=\\\"font-family: 'WAI NZ HEAVY';\\\">VON DEN FAVELAS S\u00c3O PAULOS, DEN STRASSEN HAMBURGS ODER DEN MAUERN Z\u00dcRICHS:\u00a0<\/span><\/p>\",\r\n      \"align\": \"top\",\r\n      \"row\": 0,\r\n      \"col\": 3,\r\n      \"colspan\": 6,\r\n      \"offsetx\": 0,\r\n      \"offsety\": 0,\r\n      \"spaceabove\": 0,\r\n      \"spacebelow\": 0,\r\n      \"yvel\": 1,\r\n      \"push\": 3,\r\n      \"relid\": 14,\r\n      \"absolute_position\": false,\r\n      \"dosync\": false\r\n    },\r\n    {\r\n      \"type\": \"text\",\r\n      \"cont\": \"<p style=\\\"line-height: 1;\\\"><span style=\\\"font-family: 'WAI NZ HEAVY'; font-size: 80px;\\\">DIE GRAFFITI-FILMREIHE IM WAI\u00a0<\/span><\/p>\",\r\n      \"align\": \"top\",\r\n      \"row\": 1,\r\n      \"col\": 3,\r\n      \"colspan\": 6,\r\n      \"offsetx\": 0,\r\n      \"offsety\": 0,\r\n      \"spaceabove\": 0,\r\n      \"spacebelow\": 0,\r\n      \"yvel\": 1,\r\n      \"push\": 3,\r\n      \"relid\": 11,\r\n      \"absolute_position\": false,\r\n      \"dosync\": false\r\n    },\r\n    {\r\n      \"type\": \"hr\",\r\n      \"cont\": \"\",\r\n      \"align\": \"top\",\r\n      \"row\": 2,\r\n      \"col\": 3,\r\n      \"colspan\": 6,\r\n      \"offsetx\": 0,\r\n      \"offsety\": 0,\r\n      \"spaceabove\": 0,\r\n      \"spacebelow\": 0,\r\n      \"yvel\": 1,\r\n      \"push\": 3,\r\n      \"relid\": 36,\r\n      \"frameOverflow\": \"\",\r\n      \"absolute_position\": false\r\n    },\r\n    {\r\n      \"type\": \"text\",\r\n      \"cont\": \"<p>Das WAI \u2013 Woods Art Institute freut sich eine ausgew\u00e4hlte Filmreihe als Rahmenprogramm zu der aktuellen Ausstellung: \u201eDAIM Retrospective \u2013 35 Years Of Graffiti Art\\\" anzuk\u00fcndigen. <br \/>Sie begleitet die Ausstellung \u00fcber das Lebenswerk des Graffitik\u00fcnstlers DAIM und beleuchtet in f\u00fcnf Filmen die facettenreiche Welt der Graffiti-Kunst und ihrer Protagonisten.<\/p><p>Jeder Film erz\u00e4hlt auf seine Weise die Geschichten von K\u00fcnstlern, die mit ihren Werken gegen gesellschaftliche Normen und f\u00fcr ihre eigenen \u00dcberzeugungen k\u00e4mpfen.<br \/>Ob in den Favelas von S\u00e3o Paulo, den Stra\u00dfen von Hamburg oder auf den Mauern Z\u00fcrichs \u2013 diese K\u00fcnstler nutzen den \u00f6ffentlichen Raum, um auf Missst\u00e4nde aufmerksam zu machen und ihren Widerstand auszudr\u00fccken. Ihre Kunst ist nicht nur visuell, sondern auch politisch und gesellschaftlich relevant.<\/p><p>Diese Filme verdeutlichen, dass Graffiti weit mehr ist als nur Schmiererei \u2013 es ist eine Form des Ausdrucks, des Protests und manchmal auch der Verzweiflung.\u00a0<\/p>\",\r\n      \"align\": \"top\",\r\n      \"row\": 3,\r\n      \"col\": 3,\r\n      \"colspan\": 6,\r\n      \"offsetx\": 0,\r\n      \"offsety\": 0,\r\n      \"spaceabove\": 0,\r\n      \"spacebelow\": 0,\r\n      \"yvel\": 1,\r\n      \"push\": 3,\r\n      \"relid\": 61,\r\n      \"absolute_position\": false,\r\n      \"dosync\": false\r\n    },\r\n    {\r\n      \"type\": \"text\",\r\n      \"cont\": \"<p><span style=\\\"font-family: 'WAI NZ HEAVY';\\\">INFOS &amp; ANMELDUNG\u00a0<\/span><\/p>\",\r\n      \"align\": \"top\",\r\n      \"row\": 4,\r\n      \"col\": 3,\r\n      \"colspan\": 6,\r\n      \"offsetx\": 0,\r\n      \"offsety\": 0,\r\n      \"spaceabove\": 0,\r\n      \"spacebelow\": 0,\r\n      \"yvel\": 1,\r\n      \"push\": 3,\r\n      \"relid\": 39,\r\n      \"absolute_position\": false\r\n    },\r\n    {\r\n      \"type\": \"hr\",\r\n      \"cont\": \"\",\r\n      \"align\": \"middle\",\r\n      \"row\": 5,\r\n      \"col\": 3,\r\n      \"colspan\": 6,\r\n      \"offsetx\": 0,\r\n      \"offsety\": 0,\r\n      \"spaceabove\": 0,\r\n      \"spacebelow\": 0,\r\n      \"yvel\": 1,\r\n      \"push\": 3,\r\n      \"relid\": 45,\r\n      \"absolute_position\": false,\r\n      \"frameOverflow\": \"\"\r\n    },\r\n    {\r\n      \"type\": \"text\",\r\n      \"cont\": \"<div><span style=\\\"font-size: 25px;\\\"><span style=\\\"font-family: 'WAI NZ HEAVY';\\\">Anmeldung erforderlich:<\/span> Wir bitten um Angabe der Teilnehmeranzahl und Nennung der Filmvorstellung\u00a0per Email an <span style=\\\"text-decoration: underline;\\\"><a href=\\\"mailto:anmeldung@woodsartinstitute.com\\\">anmeldung@woodsartinstitute.com<\/a><\/span><\/span><\/div><div><span style=\\\"font-size: 25px;\\\"><span style=\\\"font-family: 'WAI NZ HEAVY';\\\">Beginn:<\/span> Jeweils 19 Uhr. Einlass ab 18 Uhr.<\/span><\/div><div><span style=\\\"font-size: 25px;\\\"><span style=\\\"font-family: 'WAI NZ HEAVY';\\\">Eintritt:\u00a0<\/span>12 \u20ac inkl. Besuch der WAI Galleries. Das Eintrittsgeld ist in bar an der Kasse zu entrichten.<\/span><\/div><div><span style=\\\"font-size: 25px;\\\">Das WAI ist barrierefrei zug\u00e4nglich.<\/span><\/div><div><span style=\\\"font-size: 25px; font-family: 'WAI NZ HEAVY';\\\">Im Anschluss an die jeweiligen Filmpr\u00e4sentationen gibt es die M\u00f6glichkeit einer Gespr\u00e4chsrunde mit Projektbeteiligten und Experten.\u00a0<\/span><\/div>\",\r\n      \"align\": \"top\",\r\n      \"row\": 6,\r\n      \"col\": 3,\r\n      \"colspan\": 6,\r\n      \"offsetx\": 0,\r\n      \"offsety\": 0,\r\n      \"spaceabove\": 0,\r\n      \"spacebelow\": 0,\r\n      \"yvel\": 1,\r\n      \"push\": 3,\r\n      \"relid\": 70,\r\n      \"absolute_position\": false,\r\n      \"dosync\": false\r\n    },\r\n    {\r\n      \"type\": \"hr\",\r\n      \"cont\": \"\",\r\n      \"align\": \"middle\",\r\n      \"row\": 7,\r\n      \"col\": 3,\r\n      \"colspan\": 6,\r\n      \"offsetx\": 0,\r\n      \"offsety\": 0,\r\n      \"spaceabove\": 0,\r\n      \"spacebelow\": 0,\r\n      \"yvel\": 1,\r\n      \"push\": 3,\r\n      \"relid\": 22,\r\n      \"absolute_position\": false,\r\n      \"frameOverflow\": \"\"\r\n    },\r\n    {\r\n      \"type\": \"stack\",\r\n      \"cont\": [\r\n        {\r\n          \"type\": \"text\",\r\n          \"cont\": \"<p><span style=\\\"font-family: 'WAI NZ HEAVY';\\\">Donnerstag, 26. September 2024: <br \/><span style=\\\"font-size: 25px;\\\">\u201ePixadores\u201c <\/span><\/span><span style=\\\"font-size: 25px;\\\">(2014)\u00a0<\/span><\/p>\",\r\n          \"align\": \"top\",\r\n          \"row\": -1,\r\n          \"col\": 0,\r\n          \"colspan\": 6,\r\n          \"offsetx\": 0,\r\n          \"offsety\": 0,\r\n          \"spaceabove\": 0,\r\n          \"spacebelow\": 0,\r\n          \"yvel\": 1,\r\n          \"push\": 0,\r\n          \"relid\": 25,\r\n          \"absolute_position\": false,\r\n          \"dosync\": false\r\n        },\r\n        {\r\n          \"type\": \"img\",\r\n          \"cont\": \"\/wp-content\/uploads\/2024\/09\/01_pixadores_s.jpg\",\r\n          \"align\": \"top\",\r\n          \"row\": -1,\r\n          \"col\": 0,\r\n          \"colspan\": 6,\r\n          \"offsetx\": 0,\r\n          \"offsety\": 0,\r\n          \"spaceabove\": 2,\r\n          \"spacebelow\": 0,\r\n          \"yvel\": 1,\r\n          \"push\": 0,\r\n          \"relid\": 26,\r\n          \"attid\": 875,\r\n          \"sizes\": {\r\n            \"full\": \"\/wp-content\/uploads\/2024\/09\/01_pixadores_s.jpg\",\r\n            \"_768\": \"\/wp-content\/uploads\/2024\/09\/01_pixadores_s-768x460.jpg\",\r\n            \"_512\": \"\/wp-content\/uploads\/2024\/09\/01_pixadores_s-512x307.jpg\",\r\n            \"_265\": \"\/wp-content\/uploads\/2024\/09\/01_pixadores_s-265x159.jpg\"\r\n          },\r\n          \"w\": 800,\r\n          \"h\": 479,\r\n          \"ar\": 0.59875,\r\n          \"alt\": \"\",\r\n          \"absolute_position\": false\r\n        },\r\n        {\r\n          \"type\": \"text\",\r\n          \"cont\": \"<p>In diesem Dokumentarfilm wird das Leben von vier jungen M\u00e4nnern in den Favelas von S\u00e3o Paulo gezeigt, die mit ihren einzigartigen und gef\u00e4hrlichen Pixa\u00e7\u00e3o-Graffitis gegen die Ungerechtigkeiten in ihrer Gesellschaft protestieren. Ihre Kunst ist mehr als nur visuell \u2013 sie ist ein Akt des Widerstands.<\/p><p>Mit anschlie\u00dfendem Gespr\u00e4ch mit Tom Urban von dem Filmverleih \u201eRotzfrech Cinema\u201c aus Erfurt.\u00a0<\/p>\",\r\n          \"align\": \"top\",\r\n          \"row\": -1,\r\n          \"col\": 0,\r\n          \"colspan\": 6,\r\n          \"offsetx\": 0,\r\n          \"offsety\": 0,\r\n          \"spaceabove\": 2,\r\n          \"spacebelow\": 0,\r\n          \"yvel\": 1,\r\n          \"push\": 0,\r\n          \"relid\": 12,\r\n          \"absolute_position\": false,\r\n          \"dosync\": false\r\n        },\r\n        {\r\n          \"type\": \"text\",\r\n          \"cont\": \"<p><span style=\\\"font-size: 25px;\\\"><a class=\\\"buttonblk\\\" href=\\\"https:\/\/woodsartinstitute.com\/pixadores\/\\\" data-id=\\\"882\\\" data-title=\\\"Pixadores\\\" data-catid=\\\"[1]\\\" data-type=\\\"project\\\">mehr Infos<\/a><\/span><\/p>\",\r\n          \"align\": \"bottom\",\r\n          \"row\": -1,\r\n          \"col\": 0,\r\n          \"colspan\": 6,\r\n          \"offsetx\": 0,\r\n          \"offsety\": 0,\r\n          \"spaceabove\": 2,\r\n          \"spacebelow\": 0,\r\n          \"yvel\": 1,\r\n          \"push\": 0,\r\n          \"relid\": 47,\r\n          \"absolute_position\": false,\r\n          \"dosync\": false\r\n        }\r\n      ],\r\n      \"align\": \"middle\",\r\n      \"row\": 8,\r\n      \"col\": 3,\r\n      \"colspan\": 6,\r\n      \"offsetx\": 0,\r\n      \"offsety\": 0,\r\n      \"spaceabove\": 0,\r\n      \"spacebelow\": 0,\r\n      \"yvel\": 1,\r\n      \"push\": 3,\r\n      \"relid\": 56,\r\n      \"absolute_position\": false,\r\n      \"frameOverflow\": \"\"\r\n    },\r\n    {\r\n      \"type\": \"stack\",\r\n      \"cont\": [\r\n        {\r\n          \"type\": \"text\",\r\n          \"cont\": \"<p><span style=\\\"font-size: 25px;\\\"><span style=\\\"font-family: 'WAI NZ HEAVY';\\\">Donnerstag, 10. Oktober 2024: <br \/><\/span><span style=\\\"font-family: 'WAI NZ HEAVY';\\\">\u201eEiffe for President \u2013 Alle Ampeln auf Gelb\u201c <\/span>(1995)\u00a0<\/span><\/p>\",\r\n          \"align\": \"top\",\r\n          \"row\": -1,\r\n          \"col\": 0,\r\n          \"colspan\": 6,\r\n          \"offsetx\": 0,\r\n          \"offsety\": 0,\r\n          \"spaceabove\": 0,\r\n          \"spacebelow\": 0,\r\n          \"yvel\": 1,\r\n          \"push\": 0,\r\n          \"relid\": 69,\r\n          \"absolute_position\": false,\r\n          \"dosync\": false\r\n        },\r\n        {\r\n          \"type\": \"img\",\r\n          \"cont\": \"\/wp-content\/uploads\/2024\/09\/02_eiffe_s.jpg\",\r\n          \"align\": \"top\",\r\n          \"row\": -1,\r\n          \"col\": 0,\r\n          \"colspan\": 6,\r\n          \"offsetx\": 0,\r\n          \"offsety\": 0,\r\n          \"spaceabove\": 2,\r\n          \"spacebelow\": 0,\r\n          \"yvel\": 1,\r\n          \"push\": 0,\r\n          \"relid\": 65,\r\n          \"attid\": 878,\r\n          \"sizes\": {\r\n            \"full\": \"\/wp-content\/uploads\/2024\/09\/02_eiffe_s.jpg\",\r\n            \"_768\": \"\/wp-content\/uploads\/2024\/09\/02_eiffe_s-768x460.jpg\",\r\n            \"_512\": \"\/wp-content\/uploads\/2024\/09\/02_eiffe_s-512x307.jpg\",\r\n            \"_265\": \"\/wp-content\/uploads\/2024\/09\/02_eiffe_s-265x159.jpg\"\r\n          },\r\n          \"w\": 800,\r\n          \"h\": 479,\r\n          \"ar\": 0.59875,\r\n          \"alt\": \"\",\r\n          \"absolute_position\": false\r\n        },\r\n        {\r\n          \"type\": \"text\",\r\n          \"cont\": \"<p>Dieser Film portr\u00e4tiert Peter Ernst Eiffe, den ersten Graffiti-Tagger Deutschlands, der 1968 mit seinen Filzstiftspr\u00fcchen Hamburg \u00fcberzog.<br \/>Eiffe nutzte den \u00f6ffentlichen Raum, um seine politischen und gesellschaftlichen Botschaften zu verbreiten, und stellt damit die Frage: \u201eWem geh\u00f6rt die Stadt?\\\".<\/p><p>Mit anschlie\u00dfender Gespr\u00e4chsrunde mit dem Regisseur Christian Bau und dem Verleger Theo Bruns.\u00a0<\/p>\",\r\n          \"align\": \"top\",\r\n          \"row\": -1,\r\n          \"col\": 0,\r\n          \"colspan\": 6,\r\n          \"offsetx\": 0,\r\n          \"offsety\": 0,\r\n          \"spaceabove\": 3,\r\n          \"spacebelow\": 0,\r\n          \"yvel\": 1,\r\n          \"push\": 0,\r\n          \"relid\": 29,\r\n          \"absolute_position\": false,\r\n          \"dosync\": false\r\n        },\r\n        {\r\n          \"type\": \"text\",\r\n          \"cont\": \"<p><a class=\\\"buttonblk\\\" href=\\\"https:\/\/woodsartinstitute.com\/eiffe-for-president\/\\\" data-id=\\\"883\\\" data-title=\\\"Eiffe for President - Alle Ampeln auf Gelb\\\" data-catid=\\\"[1]\\\" data-type=\\\"project\\\">mehr Infos<\/a><\/p>\",\r\n          \"align\": \"bottom\",\r\n          \"row\": -1,\r\n          \"col\": 0,\r\n          \"colspan\": 6,\r\n          \"offsetx\": 0,\r\n          \"offsety\": 0,\r\n          \"spaceabove\": 2,\r\n          \"spacebelow\": 0,\r\n          \"yvel\": 1,\r\n          \"push\": 0,\r\n          \"relid\": 48,\r\n          \"absolute_position\": false,\r\n          \"dosync\": false\r\n        }\r\n      ],\r\n      \"align\": \"middle\",\r\n      \"row\": 9,\r\n      \"col\": 3,\r\n      \"colspan\": 6,\r\n      \"offsetx\": 0,\r\n      \"offsety\": 0,\r\n      \"spaceabove\": 0,\r\n      \"spacebelow\": 0,\r\n      \"yvel\": 1,\r\n      \"push\": 3,\r\n      \"relid\": 64,\r\n      \"absolute_position\": false,\r\n      \"frameOverflow\": \"\"\r\n    },\r\n    {\r\n      \"type\": \"stack\",\r\n      \"cont\": [\r\n        {\r\n          \"type\": \"text\",\r\n          \"cont\": \"<p><span style=\\\"font-size: 25px;\\\"><span style=\\\"font-family: 'WAI NZ HEAVY';\\\">Donnerstag, 14. November 2024: <br \/>\u201eHarald Naegeli: Der Sprayer von Z\u00fcrich\u201c <\/span>(2021)<\/span><\/p>\",\r\n          \"align\": \"top\",\r\n          \"row\": -1,\r\n          \"col\": 0,\r\n          \"colspan\": 6,\r\n          \"offsetx\": 0,\r\n          \"offsety\": 0,\r\n          \"spaceabove\": 0,\r\n          \"spacebelow\": 0,\r\n          \"yvel\": 1,\r\n          \"push\": 0,\r\n          \"relid\": 73,\r\n          \"absolute_position\": false,\r\n          \"dosync\": false\r\n        },\r\n        {\r\n          \"type\": \"img\",\r\n          \"cont\": \"\/wp-content\/uploads\/2024\/09\/03_harald_s.jpg\",\r\n          \"align\": \"middle\",\r\n          \"row\": -1,\r\n          \"col\": 0,\r\n          \"colspan\": 6,\r\n          \"offsetx\": 0,\r\n          \"offsety\": 0,\r\n          \"spaceabove\": 2,\r\n          \"spacebelow\": 0,\r\n          \"yvel\": 1,\r\n          \"push\": 0,\r\n          \"relid\": 67,\r\n          \"attid\": 879,\r\n          \"sizes\": {\r\n            \"full\": \"\/wp-content\/uploads\/2024\/09\/03_harald_s.jpg\",\r\n            \"_768\": \"\/wp-content\/uploads\/2024\/09\/03_harald_s-768x460.jpg\",\r\n            \"_512\": \"\/wp-content\/uploads\/2024\/09\/03_harald_s-512x307.jpg\",\r\n            \"_265\": \"\/wp-content\/uploads\/2024\/09\/03_harald_s-265x159.jpg\"\r\n          },\r\n          \"w\": 800,\r\n          \"h\": 479,\r\n          \"ar\": 0.59875,\r\n          \"alt\": \"\",\r\n          \"absolute_position\": false\r\n        },\r\n        {\r\n          \"type\": \"text\",\r\n          \"cont\": \"<p>Dieser Film zeigt das Leben von Harald Naegeli, einem der bekanntesten Graffiti-K\u00fcnstler der Schweiz. Seit den 1970er Jahren k\u00e4mpft Naegeli mit seinen Wandzeichnungen gegen die konservative Sauberkeit seiner Heimatstadt Z\u00fcrich und setzt sich mit Themen wie Umweltverschmutzung und gesellschaftlicher Normierung auseinander.<\/p>\",\r\n          \"align\": \"top\",\r\n          \"row\": -1,\r\n          \"col\": 0,\r\n          \"colspan\": 6,\r\n          \"offsetx\": 0,\r\n          \"offsety\": 0,\r\n          \"spaceabove\": 3,\r\n          \"spacebelow\": 0,\r\n          \"yvel\": 1,\r\n          \"push\": 0,\r\n          \"relid\": 28,\r\n          \"absolute_position\": false,\r\n          \"dosync\": false\r\n        },\r\n        {\r\n          \"type\": \"text\",\r\n          \"cont\": \"<p><span style=\\\"font-size: 25px;\\\"><a class=\\\"buttonblk\\\" href=\\\"https:\/\/woodsartinstitute.com\/harald-naegeli\/\\\" data-id=\\\"884\\\" data-title=\\\"Harald Naegelei - Der  Sprayer von Z\u00fcrich\\\" data-catid=\\\"[1]\\\" data-type=\\\"project\\\">mehr Infos<\/a><\/span><\/p>\",\r\n          \"align\": \"bottom\",\r\n          \"row\": -1,\r\n          \"col\": 0,\r\n          \"colspan\": 6,\r\n          \"offsetx\": 0,\r\n          \"offsety\": 0,\r\n          \"spaceabove\": 2,\r\n          \"spacebelow\": 0,\r\n          \"yvel\": 1,\r\n          \"push\": 0,\r\n          \"relid\": 51,\r\n          \"absolute_position\": false\r\n        }\r\n      ],\r\n      \"align\": \"top\",\r\n      \"row\": 10,\r\n      \"col\": 3,\r\n      \"colspan\": 6,\r\n      \"offsetx\": 0,\r\n      \"offsety\": 0,\r\n      \"spaceabove\": 0,\r\n      \"spacebelow\": 0,\r\n      \"yvel\": 1,\r\n      \"push\": 3,\r\n      \"relid\": 66,\r\n      \"absolute_position\": false\r\n    },\r\n    {\r\n      \"type\": \"stack\",\r\n      \"cont\": [\r\n        {\r\n          \"type\": \"text\",\r\n          \"cont\": \"<p><span style=\\\"font-family: 'WAI NZ HEAVY';\\\">Donnerstag, 28. November 2024: <br \/>,,Walter Josef Fischer alias OZ\u201c. Gespr\u00e4chsabend mit Lars Klingenberg und Matze Jung<\/span><\/p>\",\r\n          \"align\": \"top\",\r\n          \"row\": -1,\r\n          \"col\": 0,\r\n          \"colspan\": 6,\r\n          \"offsetx\": 0,\r\n          \"offsety\": 0,\r\n          \"spaceabove\": 0,\r\n          \"spacebelow\": 0,\r\n          \"yvel\": 1,\r\n          \"push\": 0,\r\n          \"relid\": 75,\r\n          \"absolute_position\": false,\r\n          \"dosync\": false\r\n        },\r\n        {\r\n          \"type\": \"img\",\r\n          \"cont\": \"\/wp-content\/uploads\/2024\/09\/04_oz_s.jpg\",\r\n          \"align\": \"middle\",\r\n          \"row\": -1,\r\n          \"col\": 0,\r\n          \"colspan\": 6,\r\n          \"offsetx\": 0,\r\n          \"offsety\": 0,\r\n          \"spaceabove\": 2,\r\n          \"spacebelow\": 0,\r\n          \"yvel\": 1,\r\n          \"push\": 0,\r\n          \"relid\": 76,\r\n          \"attid\": 880,\r\n          \"sizes\": {\r\n            \"full\": \"\/wp-content\/uploads\/2024\/09\/04_oz_s.jpg\",\r\n            \"_768\": \"\/wp-content\/uploads\/2024\/09\/04_oz_s-768x460.jpg\",\r\n            \"_512\": \"\/wp-content\/uploads\/2024\/09\/04_oz_s-512x307.jpg\",\r\n            \"_265\": \"\/wp-content\/uploads\/2024\/09\/04_oz_s-265x159.jpg\"\r\n          },\r\n          \"w\": 800,\r\n          \"h\": 479,\r\n          \"ar\": 0.59875,\r\n          \"alt\": \"\",\r\n          \"absolute_position\": false\r\n        },\r\n        {\r\n          \"type\": \"text\",\r\n          \"cont\": \"<p><span style=\\\"font-size: 25px;\\\">Wir werden versuchen das Werk von Walter Josef Fischer alias OZ nachzuerz\u00e4hlen, einem der bekanntesten und umstrittensten Graffiti-K\u00fcnstler Hamburgs, der jahrzehntelang die Stadt mit seinen unz\u00e4hligen Werken \u00fcberzog. Sein Schaffen war ein aktiver Widerstand gegen das graue Stadtbild und die gesellschaftlichen Zw\u00e4nge, die er als Ausdruck einer faschistischen Tendenz sah.<\/span><\/p><p><span style=\\\"font-size: 25px;\\\">Im Rahmen dieses Gespr\u00e4chsabend werden wir den Kurzfilm \u201eOZ, Legendary Graffiti Artist, Killed While Tagging\u201c (4:30 min., USA, 2014) zeigen.<\/span><\/p>\",\r\n          \"align\": \"top\",\r\n          \"row\": -1,\r\n          \"col\": 0,\r\n          \"colspan\": 6,\r\n          \"offsetx\": 0,\r\n          \"offsety\": 0,\r\n          \"spaceabove\": 3,\r\n          \"spacebelow\": 0,\r\n          \"yvel\": 1,\r\n          \"push\": 0,\r\n          \"relid\": 77,\r\n          \"absolute_position\": false,\r\n          \"dosync\": false\r\n        },\r\n        {\r\n          \"type\": \"text\",\r\n          \"cont\": \"<p><span style=\\\"font-size: 25px;\\\"><a class=\\\"buttonblk\\\" href=\\\"https:\/\/woodsartinstitute.com\/walter-josef-fischer-alias-oz\/\\\" data-id=\\\"885\\\" data-title=\\\"Walter Josef Fischer alias Oz\\\" data-catid=\\\"[1]\\\" data-type=\\\"project\\\">mehr Infos<\/a><\/span><\/p>\",\r\n          \"align\": \"bottom\",\r\n          \"row\": -1,\r\n          \"col\": 0,\r\n          \"colspan\": 6,\r\n          \"offsetx\": 0,\r\n          \"offsety\": 0,\r\n          \"spaceabove\": 2,\r\n          \"spacebelow\": 0,\r\n          \"yvel\": 1,\r\n          \"push\": 0,\r\n          \"relid\": 55,\r\n          \"absolute_position\": false,\r\n          \"dosync\": false\r\n        }\r\n      ],\r\n      \"align\": \"top\",\r\n      \"row\": 11,\r\n      \"col\": 3,\r\n      \"colspan\": 6,\r\n      \"offsetx\": 0,\r\n      \"offsety\": 0,\r\n      \"spaceabove\": 0,\r\n      \"spacebelow\": 0,\r\n      \"yvel\": 1,\r\n      \"push\": 3,\r\n      \"relid\": 74,\r\n      \"absolute_position\": false\r\n    },\r\n    {\r\n      \"type\": \"stack\",\r\n      \"cont\": [\r\n        {\r\n          \"type\": \"text\",\r\n          \"cont\": \"<p><span style=\\\"font-size: 25px;\\\"><span style=\\\"font-family: 'WAI NZ CUSTOM';\\\">Freitag, 13. Dezember 2024: <br \/>\u201eStencil Stories: Eine Street Art Geschichte des Stencil Graffiti\u201c<\/span> (2023)<\/span><\/p>\",\r\n          \"align\": \"top\",\r\n          \"row\": -1,\r\n          \"col\": 0,\r\n          \"colspan\": 6,\r\n          \"offsetx\": 0,\r\n          \"offsety\": 0,\r\n          \"spaceabove\": 0,\r\n          \"spacebelow\": 0,\r\n          \"yvel\": 1,\r\n          \"push\": 0,\r\n          \"relid\": 79,\r\n          \"absolute_position\": false,\r\n          \"dosync\": false\r\n        },\r\n        {\r\n          \"type\": \"img\",\r\n          \"cont\": \"\/wp-content\/uploads\/2024\/09\/05_stencil_s.jpg\",\r\n          \"align\": \"middle\",\r\n          \"row\": -1,\r\n          \"col\": 0,\r\n          \"colspan\": 6,\r\n          \"offsetx\": 0,\r\n          \"offsety\": 0,\r\n          \"spaceabove\": 2,\r\n          \"spacebelow\": 0,\r\n          \"yvel\": 1,\r\n          \"push\": 0,\r\n          \"relid\": 80,\r\n          \"attid\": 881,\r\n          \"sizes\": {\r\n            \"full\": \"\/wp-content\/uploads\/2024\/09\/05_stencil_s.jpg\",\r\n            \"_768\": \"\/wp-content\/uploads\/2024\/09\/05_stencil_s-768x460.jpg\",\r\n            \"_512\": \"\/wp-content\/uploads\/2024\/09\/05_stencil_s-512x307.jpg\",\r\n            \"_265\": \"\/wp-content\/uploads\/2024\/09\/05_stencil_s-265x159.jpg\"\r\n          },\r\n          \"w\": 800,\r\n          \"h\": 479,\r\n          \"ar\": 0.59875,\r\n          \"alt\": \"\",\r\n          \"absolute_position\": false\r\n        },\r\n        {\r\n          \"type\": \"text\",\r\n          \"cont\": \"<p><span style=\\\"font-size: 25px;\\\">Dieser Film beleuchtet die Geschichte der Stencil-Kunst, einer besonderen Form von Graffiti, die mit Schablonen arbeitet. Stencil-K\u00fcnstler verwenden ihre Werke, um politische und soziale Botschaften schnell und pr\u00e4gnant im \u00f6ffentlichen Raum zu verbreiten.<\/span><\/p><p style=\\\"line-height: 1.3;\\\"><span style=\\\"font-size: 25px;\\\">Mit einer Einf\u00fchrung durch den Regisseur und Street-Art-Forscher Dr. Ulrich Blanch\u00e9.<\/span><\/p>\",\r\n          \"align\": \"top\",\r\n          \"row\": -1,\r\n          \"col\": 0,\r\n          \"colspan\": 6,\r\n          \"offsetx\": 0,\r\n          \"offsety\": 0,\r\n          \"spaceabove\": 3,\r\n          \"spacebelow\": 0,\r\n          \"yvel\": 1,\r\n          \"push\": 0,\r\n          \"relid\": 81,\r\n          \"absolute_position\": false,\r\n          \"dosync\": false\r\n        },\r\n        {\r\n          \"type\": \"text\",\r\n          \"cont\": \"<p><span style=\\\"font-size: 25px;\\\"><a class=\\\"buttonblk\\\" href=\\\"https:\/\/woodsartinstitute.com\/stencil-stories\/\\\" data-id=\\\"887\\\" data-title=\\\"Stencil Stories\\\" data-catid=\\\"[1]\\\" data-type=\\\"project\\\">mehr Infos<\/a><\/span><\/p>\",\r\n          \"align\": \"bottom\",\r\n          \"row\": -1,\r\n          \"col\": 0,\r\n          \"colspan\": 6,\r\n          \"offsetx\": 0,\r\n          \"offsety\": 0,\r\n          \"spaceabove\": 2,\r\n          \"spacebelow\": 0,\r\n          \"yvel\": 1,\r\n          \"push\": 0,\r\n          \"relid\": 54,\r\n          \"absolute_position\": false,\r\n          \"dosync\": false\r\n        }\r\n      ],\r\n      \"align\": \"top\",\r\n      \"row\": 12,\r\n      \"col\": 3,\r\n      \"colspan\": 6,\r\n      \"offsetx\": 0,\r\n      \"offsety\": 0,\r\n      \"spaceabove\": 0,\r\n      \"spacebelow\": 0,\r\n      \"yvel\": 1,\r\n      \"push\": 3,\r\n      \"relid\": 78,\r\n      \"absolute_position\": false\r\n    }\r\n  ]\r\n}","phonegrid":"{\r\n  \"colCount\": 1,\r\n  \"colGutter\": \"1\",\r\n  \"rowGutters\": [\r\n    \"01\",\r\n    5,\r\n    5,\r\n    \"10\",\r\n    \"0\",\r\n    \"5\",\r\n    \"10\",\r\n    \"10\",\r\n    5,\r\n    5,\r\n    \"5\",\r\n    \"30\",\r\n    5,\r\n    5,\r\n    \"5\",\r\n    \"30\",\r\n    5,\r\n    5,\r\n    \"5\",\r\n    \"30\",\r\n    5,\r\n    5,\r\n    \"5\",\r\n    \"30\",\r\n    5,\r\n    5,\r\n    \"5\",\r\n    5\r\n  ],\r\n  \"frameMargin\": \"5\",\r\n  \"topFrameMargin\": \"5\",\r\n  \"bottomFrameMargin\": 0,\r\n  \"rowAttrs\": [\r\n    {\r\n      \"relid\": 8\r\n    },\r\n    {\r\n      \"relid\": 20\r\n    },\r\n    {\r\n      \"relid\": 19\r\n    },\r\n    {\r\n      \"relid\": 18\r\n    },\r\n    {\r\n      \"relid\": 44\r\n    },\r\n    {\r\n      \"relid\": 17\r\n    },\r\n    {\r\n      \"relid\": 1\r\n    },\r\n    {\r\n      \"relid\": 43\r\n    },\r\n    {\r\n      \"relid\": 15\r\n    },\r\n    {\r\n      \"relid\": 9\r\n    },\r\n    {\r\n      \"relid\": 41\r\n    },\r\n    {\r\n      \"relid\": 49\r\n    },\r\n    {\r\n      \"relid\": 40\r\n    },\r\n    {\r\n      \"relid\": 38\r\n    },\r\n    {\r\n      \"relid\": 37\r\n    },\r\n    {\r\n      \"relid\": 50\r\n    },\r\n    {\r\n      \"relid\": 34\r\n    },\r\n    {\r\n      \"relid\": 33\r\n    },\r\n    {\r\n      \"relid\": 24\r\n    },\r\n    {\r\n      \"relid\": 52\r\n    },\r\n    {\r\n      \"relid\": 23\r\n    },\r\n    {\r\n      \"relid\": 4\r\n    },\r\n    {\r\n      \"relid\": 3\r\n    },\r\n    {\r\n      \"relid\": 57\r\n    },\r\n    {\r\n      \"relid\": 6\r\n    },\r\n    {\r\n      \"relid\": 5\r\n    },\r\n    {\r\n      \"relid\": 2\r\n    },\r\n    {\r\n      \"relid\": 62\r\n    },\r\n    {\r\n      \"relid\": 21\r\n    }\r\n  ],\r\n  \"bgColor\": null,\r\n  \"cont\": [\r\n    {\r\n      \"type\": \"text\",\r\n      \"cont\": \"<p class=\\\"_Default\\\"><span style=\\\"font-family: 'WAI NZ HEAVY';\\\">VON DEN FAVELAS S\u00c3O PAULOS, DEN STRASSEN HAMBURGS ODER DEN MAUERN Z\u00dcRICHS:\u00a0<\/span><\/p>\",\r\n      \"align\": \"top\",\r\n      \"row\": 0,\r\n      \"col\": 0,\r\n      \"colspan\": 1,\r\n      \"offsetx\": 0,\r\n      \"offsety\": 0,\r\n      \"spaceabove\": 0,\r\n      \"spacebelow\": 0,\r\n      \"yvel\": 1,\r\n      \"push\": 0,\r\n      \"relid\": 14,\r\n      \"absolute_position\": false,\r\n      \"dosync\": false\r\n    },\r\n    {\r\n      \"type\": \"text\",\r\n      \"cont\": \"<p style=\\\"line-height: 1;\\\"><span style=\\\"font-family: 'WAI NZ HEAVY'; font-size: 38px;\\\">DIE GRAFFITI-FILMREIHE IM WAI<\/span><\/p>\",\r\n      \"align\": \"top\",\r\n      \"row\": 1,\r\n      \"col\": 0,\r\n      \"colspan\": 1,\r\n      \"offsetx\": 0,\r\n      \"offsety\": 0,\r\n      \"spaceabove\": 0,\r\n      \"spacebelow\": 0,\r\n      \"yvel\": 1,\r\n      \"push\": 0,\r\n      \"relid\": 11,\r\n      \"absolute_position\": false,\r\n      \"dosync\": false\r\n    },\r\n    {\r\n      \"type\": \"hr\",\r\n      \"cont\": \"\",\r\n      \"align\": \"middle\",\r\n      \"row\": 2,\r\n      \"col\": 0,\r\n      \"colspan\": 1,\r\n      \"offsetx\": 0,\r\n      \"offsety\": 0,\r\n      \"spaceabove\": 0,\r\n      \"spacebelow\": 0,\r\n      \"yvel\": 1,\r\n      \"push\": 0,\r\n      \"relid\": 36,\r\n      \"frameOverflow\": \"\",\r\n      \"absolute_position\": false\r\n    },\r\n    {\r\n      \"type\": \"text\",\r\n      \"cont\": \"<p style=\\\"line-height: 1.3;\\\"><span style=\\\"font-size: 20px;\\\">Das WAI \u2013 Woods Art Institute freut sich eine ausgew\u00e4hlte Filmreihe als Rahmenprogramm zu der aktuellen Ausstellung: \u201eDAIM Retrospective \u2013 35 Years Of Graffiti Art\\\" anzuk\u00fcndigen. <\/span><br \/><span style=\\\"font-size: 20px;\\\">Sie begleitet die Ausstellung \u00fcber das Lebenswerk des Graffitik\u00fcnstlers DAIM und beleuchtet in f\u00fcnf Filmen die facettenreiche Welt der Graffiti-Kunst und ihrer Protagonisten.<\/span><\/p><p style=\\\"line-height: 1.3;\\\"><span style=\\\"font-size: 20px;\\\">Jeder Film erz\u00e4hlt auf seine Weise die Geschichten von K\u00fcnstlern, die mit ihren Werken gegen gesellschaftliche Normen und f\u00fcr ihre eigenen \u00dcberzeugungen k\u00e4mpfen.<\/span><br \/><span style=\\\"font-size: 20px;\\\">Ob in den Favelas von S\u00e3o Paulo, den Stra\u00dfen von Hamburg oder auf den Mauern Z\u00fcrichs \u2013 diese K\u00fcnstler nutzen den \u00f6ffentlichen Raum, um auf Missst\u00e4nde aufmerksam zu machen und ihren Widerstand auszudr\u00fccken. Ihre Kunst ist nicht nur visuell, sondern auch politisch und gesellschaftlich relevant.<\/span><\/p><p style=\\\"line-height: 1.3;\\\"><span style=\\\"font-size: 20px;\\\">Diese Filme verdeutlichen, dass Graffiti weit mehr ist als nur Schmiererei \u2013 es ist eine Form des Ausdrucks, des Protests und manchmal auch der Verzweiflung.\u00a0<\/span><\/p>\",\r\n      \"align\": \"top\",\r\n      \"row\": 3,\r\n      \"col\": 0,\r\n      \"colspan\": 1,\r\n      \"offsetx\": 0,\r\n      \"offsety\": 0,\r\n      \"spaceabove\": 0,\r\n      \"spacebelow\": 0,\r\n      \"yvel\": 1,\r\n      \"push\": 0,\r\n      \"relid\": 61,\r\n      \"absolute_position\": false,\r\n      \"dosync\": false\r\n    },\r\n    {\r\n      \"type\": \"text\",\r\n      \"cont\": \"<p><span style=\\\"font-family: 'WAI NZ HEAVY';\\\">INFOS &amp; ANMELDUNG\u00a0<\/span><\/p>\",\r\n      \"align\": \"middle\",\r\n      \"row\": 4,\r\n      \"col\": 0,\r\n      \"colspan\": 1,\r\n      \"offsetx\": 0,\r\n      \"offsety\": 0,\r\n      \"spaceabove\": 0,\r\n      \"spacebelow\": 0,\r\n      \"yvel\": 1,\r\n      \"push\": 0,\r\n      \"relid\": 39,\r\n      \"absolute_position\": false\r\n    },\r\n    {\r\n      \"type\": \"hr\",\r\n      \"cont\": \"\",\r\n      \"align\": \"top\",\r\n      \"row\": 5,\r\n      \"col\": 0,\r\n      \"colspan\": 1,\r\n      \"offsetx\": 0,\r\n      \"offsety\": 0,\r\n      \"spaceabove\": 0,\r\n      \"spacebelow\": 0,\r\n      \"yvel\": 1,\r\n      \"push\": 0,\r\n      \"relid\": 22,\r\n      \"absolute_position\": false\r\n    },\r\n    {\r\n      \"type\": \"text\",\r\n      \"cont\": \"<div><span style=\\\"font-size: 20px;\\\"><span style=\\\"font-family: 'WAI NZ HEAVY';\\\">Anmeldung erforderlich:<\/span> Wir bitten um Angabe der Teilnehmeranzahl und Nennung der Filmvorstellung\u00a0per Email an <span style=\\\"text-decoration: underline;\\\"><a href=\\\"mailto:anmeldung@woodsartinstitute.com\\\">anmeldung@woodsartinstitute.com<\/a><\/span><\/span><\/div><div><span style=\\\"font-size: 20px;\\\"><span style=\\\"font-family: 'WAI NZ HEAVY';\\\">Beginn:<\/span> Jeweils 19 Uhr. Einlass ab 18 Uhr.<\/span><\/div><div><span style=\\\"font-size: 20px;\\\"><span style=\\\"font-family: 'WAI NZ HEAVY';\\\">Eintritt:\u00a0<\/span>12 \u20ac inkl. Besuch der WAI Galleries. Das Eintrittsgeld ist in bar an der Kasse zu entrichten.<\/span><\/div><div><span style=\\\"font-size: 20px;\\\">Das WAI ist barrierefrei zug\u00e4nglich.<\/span><\/div><div><span style=\\\"font-size: 20px; font-family: 'WAI NZ HEAVY';\\\">Im Anschluss an die jeweiligen Filmpr\u00e4sentationen gibt es die M\u00f6glichkeit einer Gespr\u00e4chsrunde mit Projektbeteiligten und Experten.<\/span><\/div>\",\r\n      \"align\": \"top\",\r\n      \"row\": 6,\r\n      \"col\": 0,\r\n      \"colspan\": 1,\r\n      \"offsetx\": 0,\r\n      \"offsety\": 0,\r\n      \"spaceabove\": 0,\r\n      \"spacebelow\": 0,\r\n      \"yvel\": 1,\r\n      \"push\": 0,\r\n      \"relid\": 70,\r\n      \"absolute_position\": false,\r\n      \"dosync\": false\r\n    },\r\n    {\r\n      \"type\": \"hr\",\r\n      \"cont\": \"\",\r\n      \"align\": \"middle\",\r\n      \"row\": 7,\r\n      \"col\": 0,\r\n      \"colspan\": 1,\r\n      \"offsetx\": 0,\r\n      \"offsety\": 0,\r\n      \"spaceabove\": 0,\r\n      \"spacebelow\": 0,\r\n      \"yvel\": 1,\r\n      \"push\": 0,\r\n      \"relid\": 46,\r\n      \"absolute_position\": false\r\n    },\r\n    {\r\n      \"type\": \"text\",\r\n      \"cont\": \"<p style=\\\"line-height: 1.3;\\\"><span style=\\\"font-size: 20px;\\\"><span style=\\\"font-family: 'WAI NZ HEAVY';\\\">Donnerstag, 26. September 2024: <br \/>\u201ePixadores\u201c <\/span>(2014)<\/span><\/p>\",\r\n      \"align\": \"top\",\r\n      \"row\": 8,\r\n      \"col\": 0,\r\n      \"colspan\": 1,\r\n      \"offsetx\": 0,\r\n      \"offsety\": 0,\r\n      \"spaceabove\": 0,\r\n      \"spacebelow\": 0,\r\n      \"yvel\": 1,\r\n      \"push\": 0,\r\n      \"relid\": 25,\r\n      \"absolute_position\": false,\r\n      \"dosync\": false\r\n    },\r\n    {\r\n      \"type\": \"img\",\r\n      \"cont\": \"\/wp-content\/uploads\/2024\/09\/01_pixadores_s.jpg\",\r\n      \"align\": \"middle\",\r\n      \"row\": 9,\r\n      \"col\": 0,\r\n      \"colspan\": 1,\r\n      \"offsetx\": 0,\r\n      \"offsety\": 0,\r\n      \"spaceabove\": 0,\r\n      \"spacebelow\": 0,\r\n      \"yvel\": 1,\r\n      \"push\": 0,\r\n      \"relid\": 26,\r\n      \"attid\": 875,\r\n      \"sizes\": {\r\n        \"full\": \"\/wp-content\/uploads\/2024\/09\/01_pixadores_s.jpg\",\r\n        \"_768\": \"\/wp-content\/uploads\/2024\/09\/01_pixadores_s-768x460.jpg\",\r\n        \"_512\": \"\/wp-content\/uploads\/2024\/09\/01_pixadores_s-512x307.jpg\",\r\n        \"_265\": \"\/wp-content\/uploads\/2024\/09\/01_pixadores_s-265x159.jpg\"\r\n      },\r\n      \"w\": 800,\r\n      \"h\": 479,\r\n      \"ar\": 0.59875,\r\n      \"alt\": \"\",\r\n      \"absolute_position\": false\r\n    },\r\n    {\r\n      \"type\": \"text\",\r\n      \"cont\": \"<p style=\\\"line-height: 1.3;\\\"><span style=\\\"font-size: 20px;\\\">In diesem Dokumentarfilm wird das Leben von vier jungen M\u00e4nnern in den Favelas von S\u00e3o Paulo gezeigt, die mit ihren einzigartigen und gef\u00e4hrlichen Pixa\u00e7\u00e3o-Graffitis gegen die Ungerechtigkeiten in ihrer Gesellschaft protestieren. Ihre Kunst ist mehr als nur visuell \u2013 sie ist ein Akt des Widerstands.<\/span><\/p><p style=\\\"line-height: 1.3;\\\"><span style=\\\"font-size: 20px;\\\">Mit anschlie\u00dfendem Gespr\u00e4ch mit Tom Urban von dem Filmverleih \u201eRotzfrech Cinema\u201c aus Erfurt.<\/span><\/p>\",\r\n      \"align\": \"top\",\r\n      \"row\": 10,\r\n      \"col\": 0,\r\n      \"colspan\": 1,\r\n      \"offsetx\": 0,\r\n      \"offsety\": 0,\r\n      \"spaceabove\": 0,\r\n      \"spacebelow\": 0,\r\n      \"yvel\": 1,\r\n      \"push\": 0,\r\n      \"relid\": 12,\r\n      \"absolute_position\": false,\r\n      \"dosync\": false\r\n    },\r\n    {\r\n      \"type\": \"text\",\r\n      \"cont\": \"<p><span style=\\\"font-size: 20px;\\\"><a class=\\\"buttonblk\\\" href=\\\"https:\/\/woodsartinstitute.com\/pixadores\/\\\" data-id=\\\"882\\\" data-title=\\\"Pixadores\\\" data-catid=\\\"[1]\\\" data-type=\\\"project\\\">mehr Infos<\/a><\/span><\/p>\",\r\n      \"align\": \"top\",\r\n      \"row\": 11,\r\n      \"col\": 0,\r\n      \"colspan\": 1,\r\n      \"offsetx\": 0,\r\n      \"offsety\": 0,\r\n      \"spaceabove\": 0,\r\n      \"spacebelow\": 0,\r\n      \"yvel\": 1,\r\n      \"push\": 0,\r\n      \"relid\": 47,\r\n      \"absolute_position\": false,\r\n      \"dosync\": false\r\n    },\r\n    {\r\n      \"type\": \"text\",\r\n      \"cont\": \"<p style=\\\"line-height: 1.3;\\\"><span style=\\\"font-size: 20px;\\\"><span style=\\\"font-family: 'WAI NZ HEAVY';\\\">Donnerstag, 10. Oktober 2024: <br \/><\/span><span style=\\\"font-family: 'WAI NZ HEAVY';\\\">\u201eEiffe for President \u2013 Alle Ampeln auf Gelb\u201c <\/span>(1995)<\/span><\/p>\",\r\n      \"align\": \"top\",\r\n      \"row\": 12,\r\n      \"col\": 0,\r\n      \"colspan\": 1,\r\n      \"offsetx\": 0,\r\n      \"offsety\": 0,\r\n      \"spaceabove\": 0,\r\n      \"spacebelow\": 0,\r\n      \"yvel\": 1,\r\n      \"push\": 0,\r\n      \"relid\": 69,\r\n      \"absolute_position\": false,\r\n      \"dosync\": false\r\n    },\r\n    {\r\n      \"type\": \"img\",\r\n      \"cont\": \"\/wp-content\/uploads\/2024\/09\/02_eiffe_s.jpg\",\r\n      \"align\": \"middle\",\r\n      \"row\": 13,\r\n      \"col\": 0,\r\n      \"colspan\": 1,\r\n      \"offsetx\": 0,\r\n      \"offsety\": 0,\r\n      \"spaceabove\": 0,\r\n      \"spacebelow\": 0,\r\n      \"yvel\": 1,\r\n      \"push\": 0,\r\n      \"relid\": 65,\r\n      \"attid\": 878,\r\n      \"sizes\": {\r\n        \"full\": \"\/wp-content\/uploads\/2024\/09\/02_eiffe_s.jpg\",\r\n        \"_768\": \"\/wp-content\/uploads\/2024\/09\/02_eiffe_s-768x460.jpg\",\r\n        \"_512\": \"\/wp-content\/uploads\/2024\/09\/02_eiffe_s-512x307.jpg\",\r\n        \"_265\": \"\/wp-content\/uploads\/2024\/09\/02_eiffe_s-265x159.jpg\"\r\n      },\r\n      \"w\": 800,\r\n      \"h\": 479,\r\n      \"ar\": 0.59875,\r\n      \"alt\": \"\",\r\n      \"absolute_position\": false\r\n    },\r\n    {\r\n      \"type\": \"text\",\r\n      \"cont\": \"<p style=\\\"line-height: 1.3;\\\"><span style=\\\"font-size: 20px;\\\">Dieser Film portr\u00e4tiert Peter Ernst Eiffe, den ersten Graffiti-Tagger Deutschlands, der 1968 mit seinen Filzstiftspr\u00fcchen Hamburg \u00fcberzog.<\/span><br \/><span style=\\\"font-size: 20px;\\\">Eiffe nutzte den \u00f6ffentlichen Raum, um seine politischen und gesellschaftlichen Botschaften zu verbreiten, und stellt damit die Frage: \u201eWem geh\u00f6rt die Stadt?\\\".<\/span><\/p><p style=\\\"line-height: 1.3;\\\"><span style=\\\"font-size: 20px;\\\">Mit anschlie\u00dfender Gespr\u00e4chsrunde mit dem Regisseur Christian Bau und dem Verleger Theo Bruns.<\/span><\/p>\",\r\n      \"align\": \"top\",\r\n      \"row\": 14,\r\n      \"col\": 0,\r\n      \"colspan\": 1,\r\n      \"offsetx\": 0,\r\n      \"offsety\": 0,\r\n      \"spaceabove\": 0,\r\n      \"spacebelow\": 0,\r\n      \"yvel\": 1,\r\n      \"push\": 0,\r\n      \"relid\": 29,\r\n      \"absolute_position\": false,\r\n      \"dosync\": false\r\n    },\r\n    {\r\n      \"type\": \"text\",\r\n      \"cont\": \"<p><span style=\\\"font-size: 20px;\\\"><a class=\\\"buttonblk\\\" href=\\\"https:\/\/woodsartinstitute.com\/eiffe-for-president\/\\\" data-id=\\\"883\\\" data-title=\\\"Eiffe for President - Alle Ampeln auf Gelb\\\" data-catid=\\\"[1]\\\" data-type=\\\"project\\\">mehr Infos<\/a><\/span><\/p>\",\r\n      \"align\": \"top\",\r\n      \"row\": 15,\r\n      \"col\": 0,\r\n      \"colspan\": 1,\r\n      \"offsetx\": 0,\r\n      \"offsety\": 0,\r\n      \"spaceabove\": 0,\r\n      \"spacebelow\": 0,\r\n      \"yvel\": 1,\r\n      \"push\": 0,\r\n      \"relid\": 48,\r\n      \"absolute_position\": false,\r\n      \"dosync\": false\r\n    },\r\n    {\r\n      \"type\": \"text\",\r\n      \"cont\": \"<p style=\\\"line-height: 1.3;\\\"><span style=\\\"font-size: 20px;\\\"><span style=\\\"font-family: 'WAI NZ HEAVY';\\\">Donnerstag, 14. November 2024: <br \/>\u201eHarald Naegeli: Der Sprayer von Z\u00fcrich\u201c <\/span>(2021)<\/span><\/p>\",\r\n      \"align\": \"top\",\r\n      \"row\": 16,\r\n      \"col\": 0,\r\n      \"colspan\": 1,\r\n      \"offsetx\": 0,\r\n      \"offsety\": 0,\r\n      \"spaceabove\": 0,\r\n      \"spacebelow\": 0,\r\n      \"yvel\": 1,\r\n      \"push\": 0,\r\n      \"relid\": 73,\r\n      \"absolute_position\": false,\r\n      \"dosync\": false\r\n    },\r\n    {\r\n      \"type\": \"img\",\r\n      \"cont\": \"\/wp-content\/uploads\/2024\/09\/03_harald_s.jpg\",\r\n      \"align\": \"middle\",\r\n      \"row\": 17,\r\n      \"col\": 0,\r\n      \"colspan\": 1,\r\n      \"offsetx\": 0,\r\n      \"offsety\": 0,\r\n      \"spaceabove\": 0,\r\n      \"spacebelow\": 0,\r\n      \"yvel\": 1,\r\n      \"push\": 0,\r\n      \"relid\": 67,\r\n      \"attid\": 879,\r\n      \"sizes\": {\r\n        \"full\": \"\/wp-content\/uploads\/2024\/09\/03_harald_s.jpg\",\r\n        \"_768\": \"\/wp-content\/uploads\/2024\/09\/03_harald_s-768x460.jpg\",\r\n        \"_512\": \"\/wp-content\/uploads\/2024\/09\/03_harald_s-512x307.jpg\",\r\n        \"_265\": \"\/wp-content\/uploads\/2024\/09\/03_harald_s-265x159.jpg\"\r\n      },\r\n      \"w\": 800,\r\n      \"h\": 479,\r\n      \"ar\": 0.59875,\r\n      \"alt\": \"\",\r\n      \"absolute_position\": false\r\n    },\r\n    {\r\n      \"type\": \"text\",\r\n      \"cont\": \"<p style=\\\"line-height: 1.3;\\\"><span style=\\\"font-size: 20px;\\\">Dieser Film zeigt das Leben von Harald Naegeli, einem der bekanntesten Graffiti-K\u00fcnstler der Schweiz. Seit den 1970er Jahren k\u00e4mpft Naegeli mit seinen Wandzeichnungen gegen die konservative Sauberkeit seiner Heimatstadt Z\u00fcrich und setzt sich mit Themen wie Umweltverschmutzung und gesellschaftlicher Normierung auseinander.<\/span><\/p>\",\r\n      \"align\": \"top\",\r\n      \"row\": 18,\r\n      \"col\": 0,\r\n      \"colspan\": 1,\r\n      \"offsetx\": 0,\r\n      \"offsety\": 0,\r\n      \"spaceabove\": 0,\r\n      \"spacebelow\": 0,\r\n      \"yvel\": 1,\r\n      \"push\": 0,\r\n      \"relid\": 28,\r\n      \"absolute_position\": false,\r\n      \"dosync\": false\r\n    },\r\n    {\r\n      \"type\": \"text\",\r\n      \"cont\": \"<p><span style=\\\"font-size: 20px;\\\"><a class=\\\"buttonblk\\\" href=\\\"https:\/\/woodsartinstitute.com\/harald-naegeli\/\\\" data-id=\\\"884\\\" data-title=\\\"Harald Naegelei - Der  Sprayer von Z\u00fcrich\\\" data-catid=\\\"[1]\\\" data-type=\\\"project\\\">mehr Infos<\/a><\/span><\/p>\",\r\n      \"align\": \"top\",\r\n      \"row\": 19,\r\n      \"col\": 0,\r\n      \"colspan\": 1,\r\n      \"offsetx\": 0,\r\n      \"offsety\": 0,\r\n      \"spaceabove\": 0,\r\n      \"spacebelow\": 0,\r\n      \"yvel\": 1,\r\n      \"push\": 0,\r\n      \"relid\": 53,\r\n      \"absolute_position\": false,\r\n      \"dosync\": false\r\n    },\r\n    {\r\n      \"type\": \"text\",\r\n      \"cont\": \"<p style=\\\"line-height: 1.3;\\\"><span style=\\\"font-family: 'WAI NZ HEAVY'; font-size: 20px;\\\">Donnerstag, 28. November 2024: <br \/>,,Walter Josef Fischer alias OZ\u201c. Gespr\u00e4chsabend mit Lars Klingenberg und Matze Jung<\/span><\/p>\",\r\n      \"align\": \"top\",\r\n      \"row\": 20,\r\n      \"col\": 0,\r\n      \"colspan\": 1,\r\n      \"offsetx\": 0,\r\n      \"offsety\": 0,\r\n      \"spaceabove\": 0,\r\n      \"spacebelow\": 0,\r\n      \"yvel\": 1,\r\n      \"push\": 0,\r\n      \"relid\": 75,\r\n      \"absolute_position\": false,\r\n      \"dosync\": false\r\n    },\r\n    {\r\n      \"type\": \"img\",\r\n      \"cont\": \"\/wp-content\/uploads\/2024\/09\/04_oz_s.jpg\",\r\n      \"align\": \"middle\",\r\n      \"row\": 21,\r\n      \"col\": 0,\r\n      \"colspan\": 1,\r\n      \"offsetx\": 0,\r\n      \"offsety\": 0,\r\n      \"spaceabove\": 0,\r\n      \"spacebelow\": 0,\r\n      \"yvel\": 1,\r\n      \"push\": 0,\r\n      \"relid\": 76,\r\n      \"attid\": 880,\r\n      \"sizes\": {\r\n        \"full\": \"\/wp-content\/uploads\/2024\/09\/04_oz_s.jpg\",\r\n        \"_768\": \"\/wp-content\/uploads\/2024\/09\/04_oz_s-768x460.jpg\",\r\n        \"_512\": \"\/wp-content\/uploads\/2024\/09\/04_oz_s-512x307.jpg\",\r\n        \"_265\": \"\/wp-content\/uploads\/2024\/09\/04_oz_s-265x159.jpg\"\r\n      },\r\n      \"w\": 800,\r\n      \"h\": 479,\r\n      \"ar\": 0.59875,\r\n      \"alt\": \"\",\r\n      \"absolute_position\": false\r\n    },\r\n    {\r\n      \"type\": \"text\",\r\n      \"cont\": \"<p style=\\\"line-height: 1.3;\\\"><span style=\\\"font-size: 20px;\\\">Wir werden versuchen das Werk von Walter Josef Fischer alias OZ nachzuerz\u00e4hlen, einem der bekanntesten und umstrittensten Graffiti-K\u00fcnstler Hamburgs, der jahrzehntelang die Stadt mit seinen unz\u00e4hligen Werken \u00fcberzog. Sein Schaffen war ein aktiver Widerstand gegen das graue Stadtbild und die gesellschaftlichen Zw\u00e4nge, die er als Ausdruck einer faschistischen Tendenz sah.<\/span><\/p><p style=\\\"line-height: 1.3;\\\"><span style=\\\"font-size: 20px;\\\">Im Rahmen dieses Gespr\u00e4chsabend werden wir den Kurzfilm \u201eOZ, Legendary Graffiti Artist, Killed While Tagging\u201c (4:30 min., USA, 2014) zeigen.<\/span><\/p>\",\r\n      \"align\": \"top\",\r\n      \"row\": 22,\r\n      \"col\": 0,\r\n      \"colspan\": 1,\r\n      \"offsetx\": 0,\r\n      \"offsety\": 0,\r\n      \"spaceabove\": 0,\r\n      \"spacebelow\": 0,\r\n      \"yvel\": 1,\r\n      \"push\": 0,\r\n      \"relid\": 77,\r\n      \"absolute_position\": false,\r\n      \"dosync\": false\r\n    },\r\n    {\r\n      \"type\": \"text\",\r\n      \"cont\": \"<p><span style=\\\"font-size: 20px;\\\"><a class=\\\"buttonblk\\\" href=\\\"https:\/\/woodsartinstitute.com\/walter-josef-fischer-alias-oz\/\\\" data-id=\\\"885\\\" data-title=\\\"Walter Josef Fischer alias Oz\\\" data-catid=\\\"[1]\\\" data-type=\\\"project\\\">mehr Infos<\/a><\/span><\/p>\",\r\n      \"align\": \"top\",\r\n      \"row\": 23,\r\n      \"col\": 0,\r\n      \"colspan\": 1,\r\n      \"offsetx\": 0,\r\n      \"offsety\": 0,\r\n      \"spaceabove\": 0,\r\n      \"spacebelow\": 0,\r\n      \"yvel\": 1,\r\n      \"push\": 0,\r\n      \"relid\": 59,\r\n      \"absolute_position\": false,\r\n      \"dosync\": false\r\n    },\r\n    {\r\n      \"type\": \"text\",\r\n      \"cont\": \"\",\r\n      \"align\": \"top\",\r\n      \"row\": 24,\r\n      \"col\": 0,\r\n      \"colspan\": 1,\r\n      \"offsetx\": 0,\r\n      \"offsety\": 0,\r\n      \"spaceabove\": 0,\r\n      \"spacebelow\": 0,\r\n      \"yvel\": 1,\r\n      \"push\": 0,\r\n      \"relid\": 79,\r\n      \"absolute_position\": false,\r\n      \"dosync\": false\r\n    },\r\n    {\r\n      \"type\": \"img\",\r\n      \"cont\": \"\/wp-content\/uploads\/2024\/09\/05_stencil_s.jpg\",\r\n      \"align\": \"middle\",\r\n      \"row\": 25,\r\n      \"col\": 0,\r\n      \"colspan\": 1,\r\n      \"offsetx\": 0,\r\n      \"offsety\": 0,\r\n      \"spaceabove\": 0,\r\n      \"spacebelow\": 0,\r\n      \"yvel\": 1,\r\n      \"push\": 0,\r\n      \"relid\": 80,\r\n      \"attid\": 881,\r\n      \"sizes\": {\r\n        \"full\": \"\/wp-content\/uploads\/2024\/09\/05_stencil_s.jpg\",\r\n        \"_768\": \"\/wp-content\/uploads\/2024\/09\/05_stencil_s-768x460.jpg\",\r\n        \"_512\": \"\/wp-content\/uploads\/2024\/09\/05_stencil_s-512x307.jpg\",\r\n        \"_265\": \"\/wp-content\/uploads\/2024\/09\/05_stencil_s-265x159.jpg\"\r\n      },\r\n      \"w\": 800,\r\n      \"h\": 479,\r\n      \"ar\": 0.59875,\r\n      \"alt\": \"\",\r\n      \"absolute_position\": false\r\n    },\r\n    {\r\n      \"type\": \"text\",\r\n      \"cont\": \"<p style=\\\"line-height: 1.3;\\\"><span style=\\\"font-size: 20px;\\\">Dieser Film beleuchtet die Geschichte der Stencil-Kunst, einer besonderen Form von Graffiti, die mit Schablonen arbeitet. Stencil-K\u00fcnstler verwenden ihre Werke, um politische und soziale Botschaften schnell und pr\u00e4gnant im \u00f6ffentlichen Raum zu verbreiten.<\/span><\/p><p style=\\\"line-height: 1.3;\\\"><span style=\\\"font-size: 20px;\\\">Mit einer Einf\u00fchrung durch den Regisseur und Street-Art-Forscher Dr. Ulrich Blanch\u00e9.<\/span><\/p>\",\r\n      \"align\": \"top\",\r\n      \"row\": 26,\r\n      \"col\": 0,\r\n      \"colspan\": 1,\r\n      \"offsetx\": 0,\r\n      \"offsety\": 0,\r\n      \"spaceabove\": 0,\r\n      \"spacebelow\": 0,\r\n      \"yvel\": 1,\r\n      \"push\": 0,\r\n      \"relid\": 81,\r\n      \"absolute_position\": false,\r\n      \"dosync\": false\r\n    },\r\n    {\r\n      \"type\": \"text\",\r\n      \"cont\": \"<p><span style=\\\"font-size: 20px;\\\"><a class=\\\"buttonblk\\\" href=\\\"https:\/\/woodsartinstitute.com\/stencil-stories\/\\\" data-id=\\\"887\\\" data-title=\\\"Stencil Stories\\\" data-catid=\\\"[1]\\\" data-type=\\\"project\\\">mehr Infos<\/a><\/span><\/p>\",\r\n      \"align\": \"top\",\r\n      \"row\": 27,\r\n      \"col\": 0,\r\n      \"colspan\": 1,\r\n      \"offsetx\": 0,\r\n      \"offsety\": 0,\r\n      \"spaceabove\": 0,\r\n      \"spacebelow\": 0,\r\n      \"yvel\": 1,\r\n      \"push\": 0,\r\n      \"relid\": 63,\r\n      \"absolute_position\": false,\r\n      \"dosync\": false\r\n    }\r\n  ]\r\n}","_links":{"self":[{"href":"https:\/\/woodsartinstitute.com\/en\/wp-json\/wp\/v2\/posts\/874","targetHints":{"allow":["GET"]}}],"collection":[{"href":"https:\/\/woodsartinstitute.com\/en\/wp-json\/wp\/v2\/posts"}],"about":[{"href":"https:\/\/woodsartinstitute.com\/en\/wp-json\/wp\/v2\/types\/post"}],"author":[{"embeddable":true,"href":"https:\/\/woodsartinstitute.com\/en\/wp-json\/wp\/v2\/users\/2"}],"replies":[{"embeddable":true,"href":"https:\/\/woodsartinstitute.com\/en\/wp-json\/wp\/v2\/comments?post=874"}],"version-history":[{"count":0,"href":"https:\/\/woodsartinstitute.com\/en\/wp-json\/wp\/v2\/posts\/874\/revisions"}],"wp:featuredmedia":[{"embeddable":true,"href":"https:\/\/woodsartinstitute.com\/en\/wp-json\/wp\/v2\/media\/1102"}],"wp:attachment":[{"href":"https:\/\/woodsartinstitute.com\/en\/wp-json\/wp\/v2\/media?parent=874"}],"wp:term":[{"taxonomy":"category","embeddable":true,"href":"https:\/\/woodsartinstitute.com\/en\/wp-json\/wp\/v2\/categories?post=874"},{"taxonomy":"post_tag","embeddable":true,"href":"https:\/\/woodsartinstitute.com\/en\/wp-json\/wp\/v2\/tags?post=874"}],"curies":[{"name":"wp","href":"https:\/\/api.w.org\/{rel}","templated":true}]}}