{"id":883,"date":"2024-09-04T16:32:22","date_gmt":"2024-09-04T16:32:22","guid":{"rendered":"https:\/\/woodsartinstitute.com\/pixadores-copy\/"},"modified":"2024-09-15T21:52:37","modified_gmt":"2024-09-15T21:52:37","slug":"eiffe-for-president","status":"publish","type":"post","link":"https:\/\/woodsartinstitute.com\/en\/eiffe-for-president\/","title":{"rendered":"Eiffe for President &#8211; Alle Ampeln auf Gelb"},"content":{"rendered":"","protected":false},"excerpt":{"rendered":"","protected":false},"author":2,"featured_media":878,"comment_status":"closed","ping_status":"closed","sticky":false,"template":"","format":"standard","meta":[],"categories":[1],"tags":[],"class_list":["post-883","post","type-post","status-publish","has-post-thumbnail","hentry","category-work"],"grid":"{\r\n  \"colCount\": 12,\r\n  \"colGutter\": 1,\r\n  \"rowGutters\": [],\r\n  \"frameMargin\": 0,\r\n  \"topFrameMargin\": 200,\r\n  \"bottomFrameMargin\": 200,\r\n  \"rowAttrs\": [\r\n    {\r\n      \"relid\": 61\r\n    }\r\n  ],\r\n  \"bgColor\": null,\r\n  \"cont\": [\r\n    {\r\n      \"type\": \"stack\",\r\n      \"cont\": [\r\n        {\r\n          \"type\": \"img\",\r\n          \"cont\": \"\/wp-content\/uploads\/2024\/09\/02_eiffe_s.jpg\",\r\n          \"align\": \"top\",\r\n          \"row\": -1,\r\n          \"col\": 0,\r\n          \"colspan\": 5,\r\n          \"offsetx\": 0,\r\n          \"offsety\": 0,\r\n          \"spaceabove\": 0,\r\n          \"spacebelow\": 0,\r\n          \"yvel\": 1,\r\n          \"push\": 0,\r\n          \"relid\": 1,\r\n          \"attid\": 878,\r\n          \"sizes\": {\r\n            \"full\": \"\/wp-content\/uploads\/2024\/09\/02_eiffe_s.jpg\",\r\n            \"_768\": \"\/wp-content\/uploads\/2024\/09\/02_eiffe_s-768x460.jpg\",\r\n            \"_512\": \"\/wp-content\/uploads\/2024\/09\/02_eiffe_s-512x307.jpg\",\r\n            \"_265\": \"\/wp-content\/uploads\/2024\/09\/02_eiffe_s-265x159.jpg\"\r\n          },\r\n          \"w\": 800,\r\n          \"h\": 479,\r\n          \"ar\": 0.59875,\r\n          \"alt\": \"\",\r\n          \"absolute_position\": false\r\n        },\r\n        {\r\n          \"type\": \"text\",\r\n          \"cont\": \"\",\r\n          \"align\": \"top\",\r\n          \"row\": -1,\r\n          \"col\": 0,\r\n          \"colspan\": 5,\r\n          \"offsetx\": 0,\r\n          \"offsety\": 0,\r\n          \"spaceabove\": 2,\r\n          \"spacebelow\": 0,\r\n          \"yvel\": 1,\r\n          \"push\": 0,\r\n          \"relid\": 65,\r\n          \"absolute_position\": false,\r\n          \"dosync\": false\r\n        },\r\n        {\r\n          \"type\": \"hr\",\r\n          \"cont\": \"\",\r\n          \"align\": \"top\",\r\n          \"row\": -1,\r\n          \"col\": 0,\r\n          \"colspan\": 5,\r\n          \"offsetx\": 0,\r\n          \"offsety\": 0,\r\n          \"spaceabove\": 3,\r\n          \"spacebelow\": 3,\r\n          \"yvel\": 1,\r\n          \"push\": 0,\r\n          \"relid\": 13,\r\n          \"absolute_position\": false\r\n        },\r\n        {\r\n          \"type\": \"text\",\r\n          \"cont\": \"<div><span style=\\\"font-size: 25px;\\\"><span style=\\\"font-family: 'WAI NZ HEAVY';\\\">Anmeldung erforderlich:<\/span> Wir bitten um Angabe der Teilnehmeranzahl und Nennung der Filmvorstellung\u00a0per Email an <span style=\\\"text-decoration: underline;\\\"><a href=\\\"mailto:anmeldung@woodsartinstitute.com\\\">anmeldung@woodsartinstitute.com<\/a><\/span><\/span><\/div><div><span style=\\\"font-size: 25px;\\\"><span style=\\\"font-family: WAI NZ HEAVY;\\\">Wann? <span style=\\\"font-family: 'WAI NZ LIGHT';\\\">Donnerstag, 10. Oktober 2024. Beginn: <\/span><\/span>19 Uhr. Einlass ab 18 Uhr.<\/span><\/div><div><span style=\\\"font-size: 25px;\\\"><span style=\\\"font-family: 'WAI NZ HEAVY';\\\">Eintritt:\u00a0<\/span>12 \u20ac inkl. Besuch der WAI Galleries. Das Eintrittsgeld ist in bar an der Kasse zu entrichten.<\/span><\/div><div><span style=\\\"font-size: 25px;\\\">Das WAI ist barrierefrei zug\u00e4nglich.<\/span><\/div><div><span style=\\\"font-size: 25px; font-family: 'WAI NZ HEAVY';\\\">Im Anschluss an die jeweiligen Filmpr\u00e4sentationen gibt es die M\u00f6glichkeit einer Gespr\u00e4chsrunde mit Projektbeteiligten und Experten.<\/span><\/div>\",\r\n          \"align\": \"middle\",\r\n          \"row\": -1,\r\n          \"col\": 0,\r\n          \"colspan\": 5,\r\n          \"offsetx\": 0,\r\n          \"offsety\": 0,\r\n          \"spaceabove\": 0,\r\n          \"spacebelow\": 0,\r\n          \"yvel\": 1,\r\n          \"push\": 0,\r\n          \"relid\": 15,\r\n          \"absolute_position\": false,\r\n          \"dosync\": false\r\n        }\r\n      ],\r\n      \"align\": \"top\",\r\n      \"row\": 0,\r\n      \"col\": 1,\r\n      \"colspan\": 5,\r\n      \"offsetx\": 0,\r\n      \"offsety\": 0,\r\n      \"spaceabove\": 0,\r\n      \"spacebelow\": 0,\r\n      \"yvel\": 1,\r\n      \"push\": 1,\r\n      \"relid\": 64,\r\n      \"absolute_position\": false,\r\n      \"frameOverflow\": \"\"\r\n    },\r\n    {\r\n      \"type\": \"stack\",\r\n      \"cont\": [\r\n        {\r\n          \"type\": \"text\",\r\n          \"cont\": \"\",\r\n          \"align\": \"top\",\r\n          \"row\": -1,\r\n          \"col\": 0,\r\n          \"colspan\": 4,\r\n          \"offsetx\": 0,\r\n          \"offsety\": 0,\r\n          \"spaceabove\": 0,\r\n          \"spacebelow\": 3,\r\n          \"yvel\": 1,\r\n          \"push\": 0,\r\n          \"relid\": 63,\r\n          \"absolute_position\": false,\r\n          \"dosync\": false\r\n        },\r\n        {\r\n          \"type\": \"hr\",\r\n          \"cont\": \"\",\r\n          \"align\": \"bottom\",\r\n          \"row\": -1,\r\n          \"col\": 0,\r\n          \"colspan\": 4,\r\n          \"offsetx\": 0,\r\n          \"offsety\": 0,\r\n          \"spaceabove\": 0,\r\n          \"spacebelow\": 0,\r\n          \"yvel\": 1,\r\n          \"push\": 0,\r\n          \"relid\": 11,\r\n          \"absolute_position\": false\r\n        },\r\n        {\r\n          \"type\": \"text\",\r\n          \"cont\": \"\",\r\n          \"align\": \"bottom\",\r\n          \"row\": -1,\r\n          \"col\": 0,\r\n          \"colspan\": 4,\r\n          \"offsetx\": 0,\r\n          \"offsety\": 0,\r\n          \"spaceabove\": 3,\r\n          \"spacebelow\": 0,\r\n          \"yvel\": 1,\r\n          \"push\": 0,\r\n          \"relid\": 12,\r\n          \"absolute_position\": false\r\n        }\r\n      ],\r\n      \"align\": \"top\",\r\n      \"row\": 0,\r\n      \"col\": 7,\r\n      \"colspan\": 4,\r\n      \"offsetx\": 0,\r\n      \"offsety\": 0,\r\n      \"spaceabove\": 0,\r\n      \"spacebelow\": 0,\r\n      \"yvel\": 1,\r\n      \"push\": 1,\r\n      \"relid\": 10,\r\n      \"absolute_position\": false,\r\n      \"frameOverflow\": \"\"\r\n    }\r\n  ]\r\n}","phonegrid":"{\r\n  \"colCount\": 1,\r\n  \"colGutter\": 1,\r\n  \"rowGutters\": [\r\n    \"10\",\r\n    \"15\",\r\n    \"10\",\r\n    \"10\",\r\n    \"10\",\r\n    \"10\"\r\n  ],\r\n  \"frameMargin\": 5,\r\n  \"topFrameMargin\": \"10\",\r\n  \"bottomFrameMargin\": \"10\",\r\n  \"rowAttrs\": [\r\n    {\r\n      \"relid\": 2\r\n    },\r\n    {\r\n      \"relid\": 74\r\n    },\r\n    {\r\n      \"relid\": 72\r\n    },\r\n    {\r\n      \"relid\": 5\r\n    },\r\n    {\r\n      \"relid\": 7\r\n    },\r\n    {\r\n      \"relid\": 4\r\n    },\r\n    {\r\n      \"relid\": 14\r\n    }\r\n  ],\r\n  \"bgColor\": null,\r\n  \"cont\": [\r\n    {\r\n      \"type\": \"img\",\r\n      \"cont\": \"\/wp-content\/uploads\/2024\/09\/02_eiffe_s.jpg\",\r\n      \"align\": \"top\",\r\n      \"row\": 0,\r\n      \"col\": 0,\r\n      \"colspan\": 1,\r\n      \"offsetx\": 0,\r\n      \"offsety\": 0,\r\n      \"spaceabove\": 0,\r\n      \"spacebelow\": 0,\r\n      \"yvel\": 1,\r\n      \"push\": 0,\r\n      \"relid\": 3,\r\n      \"attid\": 878,\r\n      \"sizes\": {\r\n        \"full\": \"\/wp-content\/uploads\/2024\/09\/02_eiffe_s.jpg\",\r\n        \"_768\": \"\/wp-content\/uploads\/2024\/09\/02_eiffe_s-768x460.jpg\",\r\n        \"_512\": \"\/wp-content\/uploads\/2024\/09\/02_eiffe_s-512x307.jpg\",\r\n        \"_265\": \"\/wp-content\/uploads\/2024\/09\/02_eiffe_s-265x159.jpg\"\r\n      },\r\n      \"w\": 800,\r\n      \"h\": 479,\r\n      \"ar\": 0.59875,\r\n      \"alt\": \"\",\r\n      \"absolute_position\": false\r\n    },\r\n    {\r\n      \"type\": \"text\",\r\n      \"cont\": \"<p style=\\\"text-align: right; line-height: 0.8;\\\"><span style=\\\"font-size: 44px;\\\"><span style=\\\"font-family: 'WAI NZ HEAVY';\\\"><span style=\\\"font-size: 40px;\\\">EIFFE FOR PRESIDENT - ALLE AMPELN AUF GELB<br \/><\/span><\/span><\/span><\/p><p style=\\\"text-align: right; line-height: 1.3;\\\"><span style=\\\"font-size: 20px;\\\">Dokumentarfilm von Christian Bau<\/span><br \/><br \/><span style=\\\"font-size: 20px;\\\">D 1995 I 65 Minuten<\/span><\/p>\",\r\n      \"align\": \"top\",\r\n      \"row\": 1,\r\n      \"col\": 0,\r\n      \"colspan\": 1,\r\n      \"offsetx\": 0,\r\n      \"offsety\": 0,\r\n      \"spaceabove\": \"0\",\r\n      \"spacebelow\": 0,\r\n      \"yvel\": 1,\r\n      \"push\": 0,\r\n      \"relid\": 65,\r\n      \"absolute_position\": false,\r\n      \"dosync\": false\r\n    },\r\n    {\r\n      \"type\": \"text\",\r\n      \"cont\": \"<p style=\\\"line-height: 1.3;\\\"><span style=\\\"font-size: 20px;\\\">Im Mai 1968 kommt niemand an ihm vorbei: Tag und Nacht ist Peter Ernst Eiffe, aufgewachsen in einer hanseatischen Familie, in Hamburg mit dem Filzstift unterwegs und \u00fcberzieht Toiletten, Verkehrsschilder, Briefk\u00e4sten mit seinen Spr\u00fcchen. Vermutlich ist er der erste Graffiti-Tagger Deutschlands. H\u00f6hepunkt seiner Karriere: Er f\u00e4hrt mit einem Fiat Topolino in die Wandelhalle des Hauptbahnhofs und ruft die \u00bbFreie Republik Eiffe\u00ab aus. Zwangseingewiesen in die Psychiatrie, gr\u00fcndet er die Partei \u00bbEiffe Brothers\u00ab. Weihnachten 1983 entweicht er aus der Anstalt und wird Monate sp\u00e4ter erfroren aufgefunden. In den 1990er-Jahren fangen der Filmemacher Christian Bau und Artur Dieckhoff an, sich mit Eiffe zu besch\u00e4ftigen. In ihrem Dokumentarfilm \u00bbEIFFE FOR PRESIDENT\u00ab erz\u00e4hlen sie seine Geschichte. Verwandte, Freunde, Weggef\u00e4hrten erinnern sich und schildern seinen Werdegang vom Adoptivsohn eines hohen Nazi-Beamten zum Au\u00dfenseiter der APO. Eiffe passt in keine Schublade, gilt er den einen als \u00bbRebell mit Filzstift\u00ab, ist er f\u00fcr die anderen der \u00bbHofnarr der APO\u00ab. Ein Quergeist und zerbrechlicher Mensch. Und einer der Ersten, der die Frage \u00bbWem geh\u00f6rt die Stadt?\u00ab durch seine Art, den \u00f6ffentlichen Raum zu nutzen, aufgeworfen hat.<\/span><\/p><p style=\\\"line-height: 1.3;\\\"><span style=\\\"font-size: 20px;\\\">Das Begleitbuch \u00bbdie thede e.V. (Hg.): Eiffe for President. Alle Ampeln auf Gelb\u00ab erschien 2019 im Verlag Assoziation A und wurde 2020 als bestes Hamburg-Buch des Jahres ausgezeichnet.<\/span><\/p><p style=\\\"line-height: 1.3;\\\">\u00a0<\/p><p style=\\\"line-height: 1.3;\\\"><span style=\\\"font-family: 'WAI NZ HEAVY'; font-size: 20px;\\\">Anschlie\u00dfende Gespr\u00e4chsrunde mit:<\/span><\/p><p style=\\\"line-height: 1.3;\\\"><span style=\\\"font-size: 20px;\\\"><span style=\\\"font-family: 'WAI NZ HEAVY';\\\">Christian Bau <\/span>geboren 1942 in Hamburg.<\/span><br \/><span style=\\\"font-size: 20px;\\\">1965 bis 1969 Filmstudium an der Hochschule f\u00fcr Bildende K\u00fcnste in Hamburg. 1970 Mitarbeit bei \u201ccinema action\u201d in London. 1979 Gr\u00fcndungsmitglied der thede in Altona. Seit 2004 Arbeit an ethnographischen Filmen in Nepal, Indien und Japan. Mitglied der Freien Akademie der K\u00fcnste Hamburg.<\/span><\/p><p style=\\\"line-height: 1.3;\\\"><span style=\\\"font-size: 20px;\\\"><span style=\\\"font-family: 'WAI NZ HEAVY';\\\">Theo Bruns<\/span> geboren 1953, Studium der Politik, Philosophie und Soziologie in Marburg. Redakteur und Verleger. Publizierte bei Assoziation A neben dem Eiffe-Buch u.a. \u00bbFree OZ! Streetart zwischen Revolte, Repression und Kommerz\u00ab.<\/span><\/p>\",\r\n      \"align\": \"top\",\r\n      \"row\": 2,\r\n      \"col\": 0,\r\n      \"colspan\": 1,\r\n      \"offsetx\": 0,\r\n      \"offsety\": 0,\r\n      \"spaceabove\": 0,\r\n      \"spacebelow\": 0,\r\n      \"yvel\": 1,\r\n      \"push\": 0,\r\n      \"relid\": 63,\r\n      \"absolute_position\": false,\r\n      \"isscrolltotop\": true,\r\n      \"dosync\": false\r\n    },\r\n    {\r\n      \"type\": \"hr\",\r\n      \"cont\": \"\",\r\n      \"align\": \"middle\",\r\n      \"row\": 3,\r\n      \"col\": 0,\r\n      \"colspan\": 1,\r\n      \"offsetx\": 0,\r\n      \"offsety\": 0,\r\n      \"spaceabove\": 0,\r\n      \"spacebelow\": 0,\r\n      \"yvel\": 1,\r\n      \"push\": 0,\r\n      \"relid\": 6,\r\n      \"absolute_position\": false\r\n    },\r\n    {\r\n      \"type\": \"text\",\r\n      \"cont\": \"<p style=\\\"line-height: 1; text-align: left;\\\"><span style=\\\"font-size: 15px;\\\"><span style=\\\"text-decoration: underline;\\\"><a href=\\\"https:\/\/www.diethede.de\/464-0-DVDBUCHVOD.html\\\">https:\/\/www.diethede.de\/464-0-DVDBUCHVOD.html<\/a><\/span><br \/><br \/><span style=\\\"font-family: 'WAI NZ HEAVY';\\\">Trailer:<\/span> <span style=\\\"text-decoration: underline;\\\"><a href=\\\"https:\/\/youtu.be\/MJVjinywdDM?si=4tPDEAvO829NS1N4\\\">https:\/\/youtu.be\/MJVjinywdDM?si=4tPDEAvO829NS1N4<\/a><\/span><\/span><\/p>\",\r\n      \"align\": \"top\",\r\n      \"row\": 4,\r\n      \"col\": 0,\r\n      \"colspan\": 1,\r\n      \"offsetx\": 0,\r\n      \"offsety\": 0,\r\n      \"spaceabove\": 0,\r\n      \"spacebelow\": 0,\r\n      \"yvel\": 1,\r\n      \"push\": 0,\r\n      \"relid\": 8,\r\n      \"absolute_position\": false,\r\n      \"dosync\": false\r\n    },\r\n    {\r\n      \"type\": \"hr\",\r\n      \"cont\": \"\",\r\n      \"align\": \"middle\",\r\n      \"row\": 5,\r\n      \"col\": 0,\r\n      \"colspan\": 1,\r\n      \"offsetx\": 0,\r\n      \"offsety\": 0,\r\n      \"spaceabove\": 0,\r\n      \"spacebelow\": 0,\r\n      \"yvel\": 1,\r\n      \"push\": 0,\r\n      \"relid\": 9,\r\n      \"absolute_position\": false\r\n    },\r\n    {\r\n      \"type\": \"text\",\r\n      \"cont\": \"<div><span style=\\\"font-size: 20px;\\\"><span style=\\\"font-family: 'WAI NZ HEAVY';\\\">Anmeldung erforderlich:<\/span> Wir bitten um Angabe der Teilnehmeranzahl und Nennung der Filmvorstellung\u00a0per Email an <span style=\\\"text-decoration: underline;\\\"><a href=\\\"mailto:anmeldung@woodsartinstitute.com\\\">anmeldung@woodsartinstitute.com<\/a><\/span><\/span><\/div><div><span style=\\\"font-size: 20px;\\\"><span style=\\\"font-family: WAI NZ HEAVY;\\\">Wann? <span style=\\\"font-family: 'WAI NZ LIGHT';\\\">Donnerstag, 10. Oktober 2024. Beginn: <\/span><\/span>19 Uhr. Einlass ab 18 Uhr.<\/span><\/div><div><span style=\\\"font-size: 20px;\\\"><span style=\\\"font-family: 'WAI NZ HEAVY';\\\">Eintritt:\u00a0<\/span>12 \u20ac inkl. Besuch der WAI Galleries. Das Eintrittsgeld ist in bar an der Kasse zu entrichten.<\/span><\/div><div><span style=\\\"font-size: 20px;\\\">Das WAI ist barrierefrei zug\u00e4nglich.<\/span><\/div><div><span style=\\\"font-size: 20px; font-family: 'WAI NZ HEAVY';\\\">Im Anschluss an die jeweiligen Filmpr\u00e4sentationen gibt es die M\u00f6glichkeit einer Gespr\u00e4chsrunde mit Projektbeteiligten und Experten.<\/span><\/div>\",\r\n      \"align\": \"top\",\r\n      \"row\": 6,\r\n      \"col\": 0,\r\n      \"colspan\": 1,\r\n      \"offsetx\": 0,\r\n      \"offsety\": 0,\r\n      \"spaceabove\": 0,\r\n      \"spacebelow\": 0,\r\n      \"yvel\": 1,\r\n      \"push\": 0,\r\n      \"relid\": 15,\r\n      \"absolute_position\": false,\r\n      \"dosync\": false\r\n    }\r\n  ]\r\n}","_links":{"self":[{"href":"https:\/\/woodsartinstitute.com\/en\/wp-json\/wp\/v2\/posts\/883","targetHints":{"allow":["GET"]}}],"collection":[{"href":"https:\/\/woodsartinstitute.com\/en\/wp-json\/wp\/v2\/posts"}],"about":[{"href":"https:\/\/woodsartinstitute.com\/en\/wp-json\/wp\/v2\/types\/post"}],"author":[{"embeddable":true,"href":"https:\/\/woodsartinstitute.com\/en\/wp-json\/wp\/v2\/users\/2"}],"replies":[{"embeddable":true,"href":"https:\/\/woodsartinstitute.com\/en\/wp-json\/wp\/v2\/comments?post=883"}],"version-history":[{"count":0,"href":"https:\/\/woodsartinstitute.com\/en\/wp-json\/wp\/v2\/posts\/883\/revisions"}],"wp:featuredmedia":[{"embeddable":true,"href":"https:\/\/woodsartinstitute.com\/en\/wp-json\/wp\/v2\/media\/878"}],"wp:attachment":[{"href":"https:\/\/woodsartinstitute.com\/en\/wp-json\/wp\/v2\/media?parent=883"}],"wp:term":[{"taxonomy":"category","embeddable":true,"href":"https:\/\/woodsartinstitute.com\/en\/wp-json\/wp\/v2\/categories?post=883"},{"taxonomy":"post_tag","embeddable":true,"href":"https:\/\/woodsartinstitute.com\/en\/wp-json\/wp\/v2\/tags?post=883"}],"curies":[{"name":"wp","href":"https:\/\/api.w.org\/{rel}","templated":true}]}}