{"id":884,"date":"2024-09-05T12:34:40","date_gmt":"2024-09-05T12:34:40","guid":{"rendered":"https:\/\/woodsartinstitute.com\/pixadores-copy\/"},"modified":"2024-09-15T21:53:48","modified_gmt":"2024-09-15T21:53:48","slug":"harald-naegeli","status":"publish","type":"post","link":"https:\/\/woodsartinstitute.com\/zh\/harald-naegeli\/","title":{"rendered":"Harald Naegelei &#8211; Der  Sprayer von Z\u00fcrich"},"content":{"rendered":"","protected":false},"excerpt":{"rendered":"","protected":false},"author":2,"featured_media":879,"comment_status":"closed","ping_status":"closed","sticky":false,"template":"","format":"standard","meta":[],"categories":[1],"tags":[],"class_list":["post-884","post","type-post","status-publish","has-post-thumbnail","hentry","category-work"],"grid":"{\r\n  \"colCount\": 12,\r\n  \"colGutter\": 1,\r\n  \"rowGutters\": [\r\n    0\r\n  ],\r\n  \"frameMargin\": 0,\r\n  \"topFrameMargin\": 200,\r\n  \"bottomFrameMargin\": 200,\r\n  \"rowAttrs\": [\r\n    {\r\n      \"relid\": 61\r\n    },\r\n    {\r\n      \"relid\": 9\r\n    }\r\n  ],\r\n  \"bgColor\": null,\r\n  \"cont\": [\r\n    {\r\n      \"type\": \"stack\",\r\n      \"cont\": [\r\n        {\r\n          \"type\": \"img\",\r\n          \"cont\": \"\/wp-content\/uploads\/2024\/09\/03_harald_s.jpg\",\r\n          \"align\": \"top\",\r\n          \"row\": -1,\r\n          \"col\": 0,\r\n          \"colspan\": 5,\r\n          \"offsetx\": 0,\r\n          \"offsety\": 0,\r\n          \"spaceabove\": 0,\r\n          \"spacebelow\": 0,\r\n          \"yvel\": 1,\r\n          \"push\": 0,\r\n          \"relid\": 1,\r\n          \"attid\": 879,\r\n          \"sizes\": {\r\n            \"full\": \"\/wp-content\/uploads\/2024\/09\/03_harald_s.jpg\",\r\n            \"_768\": \"\/wp-content\/uploads\/2024\/09\/03_harald_s-768x460.jpg\",\r\n            \"_512\": \"\/wp-content\/uploads\/2024\/09\/03_harald_s-512x307.jpg\",\r\n            \"_265\": \"\/wp-content\/uploads\/2024\/09\/03_harald_s-265x159.jpg\"\r\n          },\r\n          \"w\": 800,\r\n          \"h\": 479,\r\n          \"ar\": 0.59875,\r\n          \"alt\": \"\",\r\n          \"absolute_position\": false\r\n        },\r\n        {\r\n          \"type\": \"text\",\r\n          \"cont\": \"<p style=\\\"text-align: right; line-height: 1;\\\"><span style=\\\"font-size: 44px;\\\"><span style=\\\"font-family: 'WAI NZ HEAVY';\\\"><span style=\\\"font-size: 44px;\\\">HARALD NAEGELI: DER SPRAYER VON Z\u00dcRICH<\/span><br \/><\/span><\/span><br \/>Ein Dokumentarfilm von Nathalie David<\/p><p style=\\\"text-align: right;\\\">CH\/D 2021, 97 Min.<br \/>Deutsch\/Schweizerdeutsch<\/p>\",\r\n          \"align\": \"top\",\r\n          \"row\": -1,\r\n          \"col\": 0,\r\n          \"colspan\": 5,\r\n          \"offsetx\": 0,\r\n          \"offsety\": 0,\r\n          \"spaceabove\": 2,\r\n          \"spacebelow\": 0,\r\n          \"yvel\": 1,\r\n          \"push\": 0,\r\n          \"relid\": 65,\r\n          \"absolute_position\": false,\r\n          \"dosync\": false\r\n        },\r\n        {\r\n          \"type\": \"hr\",\r\n          \"cont\": \"\",\r\n          \"align\": \"middle\",\r\n          \"row\": -1,\r\n          \"col\": 0,\r\n          \"colspan\": 5,\r\n          \"offsetx\": 0,\r\n          \"offsety\": 0,\r\n          \"spaceabove\": 3,\r\n          \"spacebelow\": 3,\r\n          \"yvel\": 1,\r\n          \"push\": 0,\r\n          \"relid\": 18,\r\n          \"absolute_position\": false\r\n        },\r\n        {\r\n          \"type\": \"text\",\r\n          \"cont\": \"<div><span style=\\\"font-size: 25px;\\\"><span style=\\\"font-family: 'WAI NZ HEAVY';\\\">Anmeldung erforderlich:<\/span> Wir bitten um Angabe der Teilnehmeranzahl und Nennung der Filmvorstellung\u00a0per Email an <span style=\\\"text-decoration: underline;\\\"><a href=\\\"mailto:anmeldung@woodsartinstitute.com\\\">anmeldung@woodsartinstitute.com<\/a><\/span><\/span><\/div><div><span style=\\\"font-size: 25px;\\\"><span style=\\\"font-family: WAI NZ HEAVY;\\\">Wann? <span style=\\\"font-family: 'WAI NZ LIGHT';\\\">Donnerstag, 14. November 2024. Beginn: <\/span><\/span>19 Uhr. Einlass ab 18 Uhr.<\/span><\/div><div><span style=\\\"font-size: 25px;\\\"><span style=\\\"font-family: 'WAI NZ HEAVY';\\\">Eintritt:\u00a0<\/span>12 \u20ac inkl. Besuch der WAI Galleries. Das Eintrittsgeld ist in bar an der Kasse zu entrichten.<\/span><\/div><div><span style=\\\"font-size: 25px;\\\">Das WAI ist barrierefrei zug\u00e4nglich.<\/span><\/div><div><span style=\\\"font-size: 25px; font-family: 'WAI NZ HEAVY';\\\">Im Anschluss an die jeweiligen Filmpr\u00e4sentationen gibt es die M\u00f6glichkeit einer Gespr\u00e4chsrunde mit Projektbeteiligten und Experten.<\/span><\/div>\",\r\n          \"align\": \"middle\",\r\n          \"row\": -1,\r\n          \"col\": 0,\r\n          \"colspan\": 5,\r\n          \"offsetx\": 0,\r\n          \"offsety\": 0,\r\n          \"spaceabove\": 0,\r\n          \"spacebelow\": 0,\r\n          \"yvel\": 1,\r\n          \"push\": 0,\r\n          \"relid\": 17,\r\n          \"absolute_position\": false\r\n        }\r\n      ],\r\n      \"align\": \"top\",\r\n      \"row\": 0,\r\n      \"col\": 1,\r\n      \"colspan\": 5,\r\n      \"offsetx\": 0,\r\n      \"offsety\": 0,\r\n      \"spaceabove\": 0,\r\n      \"spacebelow\": 0,\r\n      \"yvel\": 1,\r\n      \"push\": 1,\r\n      \"relid\": 64,\r\n      \"absolute_position\": false,\r\n      \"frameOverflow\": \"\"\r\n    },\r\n    {\r\n      \"type\": \"text\",\r\n      \"cont\": \"<p>Die Regisseurin Nathalie David zeigt in ihrem feinf\u00fchligen Portrait Harald Naegelis facettenreiche Pers\u00f6nlichkeit \u2013 als vision\u00e4ren, streitbaren K\u00fcnstler, Rebellen, Philosophen und scharfsinnigen, humorvollen Menschen, der mit seiner Kunst seit jeher die einen emp\u00f6rte und die anderen erfreute. Der Film ist Naegelis Testament und eine Hommage an den Utopisten.<\/p><p><span style=\\\"font-family: 'WAI NZ HEAVY';\\\">Zum Inhalt:<\/span><\/p><p>Seit 1977 zeichnet ein Mann, Sohn der Z\u00fcrcher Grossbourgeoisie, nachts auf die kargen Betonmauern seiner Stadt und wird deswegen regelm\u00e4\u00dfig angezeigt. Er revoltiert gegen das saubere, spie\u00dfige und reiche Z\u00fcrich. Gegen Umweltverschmutzung, Chemiekonzerne, Kreuzfahrtschiffe, Massentierhaltung. 1979 wird er ertappt. Der Mann hei\u00dft Harald Oskar Naegeli. Er ist 39 Jahre alt.<\/p><p>1982 flieht er ins Asyl nach D\u00fcsseldorf. Hier unterst\u00fctzen ihn K\u00fcnstler und Politiker wie Joseph Beuys und Willy Brandt. 1984 stellt er sich freiwillig der Schweizer Justiz. Ein Prozess, vier Monate Hochsicherheitstrakt in Winterthur, zwei Monate offener Vollzug und Geldstrafen sind die Folge.<br \/>Er lebt und arbeitet fortan zwischen Z\u00fcrich und D\u00fcsseldorf, verlegt jedoch 2019 seinen Lebensmittelpunkt wieder ganz nach Z\u00fcrich, nicht ohne zuvor in D\u00fcsseldorf erneut vor Gericht zu stehen. Auf D\u00fcsseldorfer W\u00e4nden hinterl\u00e4sst er Flamingos und Striche der Utopie.\u00a0 Sein seit Jahrzehnten gehegter Traum steht kurz vor der Vollendung: ein \u00abTotentanz\u00bb in den beiden T\u00fcrmen des Z\u00fcrcher Grossm\u00fcnsters. Jedoch greift das Bauamt ein und streitet mit ihm um ein paar Zentimeter. Das Kunstwerk bleibt unvollendet.<\/p><p>Der Corona-Totentanz beginnt weltweit um sich zu greifen. Naegeli, nunmehr 82 Jahre alt, geht wieder auf die Stra\u00dfen, er selbst k\u00e4mpft gegen Krebs. Der Totentanz ist auch sein eigener und der der Politik. Die Stadt Z\u00fcrich verleiht ihm 2020 den Gro\u00dfen Kunstpreis f\u00fcr sein Lebenswerk, w\u00e4hrend der Kanton ihn verklagt. Naegeli, der Urvater der Graffiti-Kunst, polarisiert bis heute.<\/p><p>Abstrakt, utopisch und frei sind seine Arbeiten. Naegeli selbst genauso. Er wird sich von dieser Welt verabschieden, wenn er soweit ist. Nicht verblassen, wie seine Arbeiten, aktiv Schluss machen.<br \/>Der Film zeichnet den Werdegang eines vielseitigen, am\u00fcsanten Menschen nach, dessen Schaffen weit \u00fcber die Street Art hinausgeht. Sein k\u00fcnstlerischer Ansatz sowie seine politisch-philosophischen Positionen sind h\u00f6chstaktuell und anregend. Der Film ist Naegelis Testament und eine Hommage an den Utopisten.<\/p>\",\r\n      \"align\": \"top\",\r\n      \"row\": 0,\r\n      \"col\": 7,\r\n      \"colspan\": 4,\r\n      \"offsetx\": 0,\r\n      \"offsety\": 0,\r\n      \"spaceabove\": 0,\r\n      \"spacebelow\": 3,\r\n      \"yvel\": 1,\r\n      \"push\": 1,\r\n      \"relid\": 63,\r\n      \"absolute_position\": false,\r\n      \"dosync\": false\r\n    },\r\n    {\r\n      \"type\": \"stack\",\r\n      \"cont\": [\r\n        {\r\n          \"type\": \"hr\",\r\n          \"cont\": \"\",\r\n          \"align\": \"top\",\r\n          \"row\": -1,\r\n          \"col\": 0,\r\n          \"colspan\": 4,\r\n          \"offsetx\": 0,\r\n          \"offsety\": 0,\r\n          \"spaceabove\": 0,\r\n          \"spacebelow\": 0,\r\n          \"yvel\": 1,\r\n          \"push\": 0,\r\n          \"relid\": 11,\r\n          \"absolute_position\": false\r\n        },\r\n        {\r\n          \"type\": \"text\",\r\n          \"cont\": \"<p><span style=\\\"text-decoration: underline; font-size: 20px;\\\"><a href=\\\"https:\/\/film.hoppingmad.ch\/cms\/de\/\\\" data-id=\\\"0\\\">https:\/\/film.hoppingmad.ch\/cms\/de\/<\/a><\/span><\/p>\",\r\n          \"align\": \"bottom\",\r\n          \"row\": -1,\r\n          \"col\": 0,\r\n          \"colspan\": 4,\r\n          \"offsetx\": 0,\r\n          \"offsety\": 0,\r\n          \"spaceabove\": 3,\r\n          \"spacebelow\": 0,\r\n          \"yvel\": 1,\r\n          \"push\": 0,\r\n          \"relid\": 8,\r\n          \"absolute_position\": false,\r\n          \"dosync\": false\r\n        }\r\n      ],\r\n      \"align\": \"middle\",\r\n      \"row\": 1,\r\n      \"col\": 7,\r\n      \"colspan\": 4,\r\n      \"offsetx\": 0,\r\n      \"offsety\": 0,\r\n      \"spaceabove\": 0,\r\n      \"spacebelow\": 0,\r\n      \"yvel\": 1,\r\n      \"push\": 7,\r\n      \"relid\": 10,\r\n      \"absolute_position\": false,\r\n      \"frameOverflow\": \"\"\r\n    }\r\n  ]\r\n}","phonegrid":"{\r\n  \"colCount\": 1,\r\n  \"colGutter\": 1,\r\n  \"rowGutters\": [\r\n    \"10\",\r\n    \"15\",\r\n    \"10\",\r\n    \"10\",\r\n    \"10\",\r\n    5\r\n  ],\r\n  \"frameMargin\": 5,\r\n  \"topFrameMargin\": \"10\",\r\n  \"bottomFrameMargin\": \"10\",\r\n  \"rowAttrs\": [\r\n    {\r\n      \"relid\": 2\r\n    },\r\n    {\r\n      \"relid\": 74\r\n    },\r\n    {\r\n      \"relid\": 72\r\n    },\r\n    {\r\n      \"relid\": 5\r\n    },\r\n    {\r\n      \"relid\": 7\r\n    },\r\n    {\r\n      \"relid\": 12\r\n    },\r\n    {\r\n      \"relid\": 14\r\n    }\r\n  ],\r\n  \"bgColor\": null,\r\n  \"cont\": [\r\n    {\r\n      \"type\": \"img\",\r\n      \"cont\": \"\/wp-content\/uploads\/2024\/09\/03_harald_s.jpg\",\r\n      \"align\": \"top\",\r\n      \"row\": 0,\r\n      \"col\": 0,\r\n      \"colspan\": 1,\r\n      \"offsetx\": 0,\r\n      \"offsety\": 0,\r\n      \"spaceabove\": 0,\r\n      \"spacebelow\": 0,\r\n      \"yvel\": 1,\r\n      \"push\": 0,\r\n      \"relid\": 3,\r\n      \"attid\": 879,\r\n      \"sizes\": {\r\n        \"full\": \"\/wp-content\/uploads\/2024\/09\/03_harald_s.jpg\",\r\n        \"_768\": \"\/wp-content\/uploads\/2024\/09\/03_harald_s-768x460.jpg\",\r\n        \"_512\": \"\/wp-content\/uploads\/2024\/09\/03_harald_s-512x307.jpg\",\r\n        \"_265\": \"\/wp-content\/uploads\/2024\/09\/03_harald_s-265x159.jpg\"\r\n      },\r\n      \"w\": 800,\r\n      \"h\": 479,\r\n      \"ar\": 0.59875,\r\n      \"alt\": \"\",\r\n      \"absolute_position\": false\r\n    },\r\n    {\r\n      \"type\": \"text\",\r\n      \"cont\": \"<p style=\\\"text-align: right; line-height: 0.8;\\\"><span style=\\\"font-size: 44px;\\\"><span style=\\\"font-family: 'WAI NZ HEAVY';\\\"><span style=\\\"font-size: 40px;\\\">HARALD NAEGELI: DER SPRAYER VON Z\u00dcRICH<\/span><br \/><\/span><\/span><br \/>Ein Dokumentarfilm von Nathalie David<\/p><p style=\\\"text-align: right; line-height: 1.3;\\\">CH\/D 2021, 97 Min.<br \/>Deutsch\/Schweizerdeutsch<\/p>\",\r\n      \"align\": \"top\",\r\n      \"row\": 1,\r\n      \"col\": 0,\r\n      \"colspan\": 1,\r\n      \"offsetx\": 0,\r\n      \"offsety\": 0,\r\n      \"spaceabove\": \"0\",\r\n      \"spacebelow\": 0,\r\n      \"yvel\": 1,\r\n      \"push\": 0,\r\n      \"relid\": 65,\r\n      \"absolute_position\": false,\r\n      \"dosync\": false\r\n    },\r\n    {\r\n      \"type\": \"text\",\r\n      \"cont\": \"<p style=\\\"line-height: 1.3;\\\"><span style=\\\"font-size: 20px;\\\">Die Regisseurin Nathalie David zeigt in ihrem feinf\u00fchligen Portrait Harald Naegelis facettenreiche Pers\u00f6nlichkeit \u2013 als vision\u00e4ren, streitbaren K\u00fcnstler, Rebellen, Philosophen und scharfsinnigen, humorvollen Menschen, der mit seiner Kunst seit jeher die einen emp\u00f6rte und die anderen erfreute. Der Film ist Naegelis Testament und eine Hommage an den Utopisten.\u00a0<\/span><\/p><p style=\\\"line-height: 1.3;\\\"><span style=\\\"font-family: 'WAI NZ HEAVY'; font-size: 20px;\\\">Zum Inhalt:<\/span><\/p><p style=\\\"line-height: 1.3;\\\"><span style=\\\"font-size: 20px;\\\">Seit 1977 zeichnet ein Mann, Sohn der Z\u00fcrcher Grossbourgeoisie, nachts auf die kargen Betonmauern seiner Stadt und wird deswegen regelm\u00e4\u00dfig angezeigt. Er revoltiert gegen das saubere, spie\u00dfige und reiche Z\u00fcrich. Gegen Umweltverschmutzung, Chemiekonzerne, Kreuzfahrtschiffe, Massentierhaltung. 1979 wird er ertappt. Der Mann hei\u00dft Harald Oskar Naegeli. Er ist 39 Jahre alt.<\/span><\/p><p style=\\\"line-height: 1.3;\\\"><span style=\\\"font-size: 20px;\\\">1982 flieht er ins Asyl nach D\u00fcsseldorf. Hier unterst\u00fctzen ihn K\u00fcnstler und Politiker wie Joseph Beuys und Willy Brandt. 1984 stellt er sich freiwillig der Schweizer Justiz. Ein Prozess, vier Monate Hochsicherheitstrakt in Winterthur, zwei Monate offener Vollzug und Geldstrafen sind die Folge.<\/span><br \/><span style=\\\"font-size: 20px;\\\">Er lebt und arbeitet fortan zwischen Z\u00fcrich und D\u00fcsseldorf, verlegt jedoch 2019 seinen Lebensmittelpunkt wieder ganz nach Z\u00fcrich, nicht ohne zuvor in D\u00fcsseldorf erneut vor Gericht zu stehen. Auf D\u00fcsseldorfer W\u00e4nden hinterl\u00e4sst er Flamingos und Striche der Utopie.\u00a0 Sein seit Jahrzehnten gehegter Traum steht kurz vor der Vollendung: ein \u00abTotentanz\u00bb in den beiden T\u00fcrmen des Z\u00fcrcher Grossm\u00fcnsters. Jedoch greift das Bauamt ein und streitet mit ihm um ein paar Zentimeter. Das Kunstwerk bleibt unvollendet.<\/span><\/p><p style=\\\"line-height: 1.3;\\\"><span style=\\\"font-size: 20px;\\\">Der Corona-Totentanz beginnt weltweit um sich zu greifen. Naegeli, nunmehr 82 Jahre alt, geht wieder auf die Stra\u00dfen, er selbst k\u00e4mpft gegen Krebs. Der Totentanz ist auch sein eigener und der der Politik. Die Stadt Z\u00fcrich verleiht ihm 2020 den Gro\u00dfen Kunstpreis f\u00fcr sein Lebenswerk, w\u00e4hrend der Kanton ihn verklagt. Naegeli, der Urvater der Graffiti-Kunst, polarisiert bis heute.<\/span><\/p><p style=\\\"line-height: 1.3;\\\"><span style=\\\"font-size: 20px;\\\">Abstrakt, utopisch und frei sind seine Arbeiten. Naegeli selbst genauso. Er wird sich von dieser Welt verabschieden, wenn er soweit ist. Nicht verblassen, wie seine Arbeiten, aktiv Schluss machen.<\/span><br \/><span style=\\\"font-size: 20px;\\\">Der Film zeichnet den Werdegang eines vielseitigen, am\u00fcsanten Menschen nach, dessen Schaffen weit \u00fcber die Street Art hinausgeht. Sein k\u00fcnstlerischer Ansatz sowie seine politisch-philosophischen Positionen sind h\u00f6chstaktuell und anregend. Der Film ist Naegelis Testament und eine Hommage an den Utopisten.<\/span><\/p>\",\r\n      \"align\": \"top\",\r\n      \"row\": 2,\r\n      \"col\": 0,\r\n      \"colspan\": 1,\r\n      \"offsetx\": 0,\r\n      \"offsety\": 0,\r\n      \"spaceabove\": 0,\r\n      \"spacebelow\": 0,\r\n      \"yvel\": 1,\r\n      \"push\": 0,\r\n      \"relid\": 63,\r\n      \"absolute_position\": false,\r\n      \"dosync\": false\r\n    },\r\n    {\r\n      \"type\": \"hr\",\r\n      \"cont\": \"\",\r\n      \"align\": \"middle\",\r\n      \"row\": 3,\r\n      \"col\": 0,\r\n      \"colspan\": 1,\r\n      \"offsetx\": 0,\r\n      \"offsety\": 0,\r\n      \"spaceabove\": 0,\r\n      \"spacebelow\": 0,\r\n      \"yvel\": 1,\r\n      \"push\": 0,\r\n      \"relid\": 6,\r\n      \"absolute_position\": false\r\n    },\r\n    {\r\n      \"type\": \"text\",\r\n      \"cont\": \"<p><span style=\\\"text-decoration: underline; font-size: 15px;\\\"><a href=\\\"https:\/\/film.hoppingmad.ch\/cms\/de\/\\\" data-id=\\\"0\\\">https:\/\/film.hoppingmad.ch\/cms\/de\/<\/a><\/span><\/p>\",\r\n      \"align\": \"top\",\r\n      \"row\": 4,\r\n      \"col\": 0,\r\n      \"colspan\": 1,\r\n      \"offsetx\": 0,\r\n      \"offsety\": 0,\r\n      \"spaceabove\": 0,\r\n      \"spacebelow\": 0,\r\n      \"yvel\": 1,\r\n      \"push\": 0,\r\n      \"relid\": 8,\r\n      \"absolute_position\": false,\r\n      \"dosync\": false\r\n    },\r\n    {\r\n      \"type\": \"hr\",\r\n      \"cont\": \"\",\r\n      \"align\": \"middle\",\r\n      \"row\": 5,\r\n      \"col\": 0,\r\n      \"colspan\": 1,\r\n      \"offsetx\": 0,\r\n      \"offsety\": 0,\r\n      \"spaceabove\": 0,\r\n      \"spacebelow\": 0,\r\n      \"yvel\": 1,\r\n      \"push\": 0,\r\n      \"relid\": 13,\r\n      \"absolute_position\": false\r\n    },\r\n    {\r\n      \"type\": \"text\",\r\n      \"cont\": \"<div style=\\\"line-height: 1.3;\\\"><span style=\\\"font-size: 20px;\\\"><span style=\\\"font-family: 'WAI NZ HEAVY';\\\">Anmeldung erforderlich:<\/span> Wir bitten um Angabe der Teilnehmeranzahl und Nennung der Filmvorstellung\u00a0per Email an <span style=\\\"text-decoration: underline;\\\"><a href=\\\"mailto:anmeldung@woodsartinstitute.com\\\">anmeldung@woodsartinstitute.com<\/a><\/span><\/span><\/div><div style=\\\"line-height: 1.3;\\\"><span style=\\\"font-size: 20px;\\\"><span style=\\\"font-family: WAI NZ HEAVY;\\\">Wann? <span style=\\\"font-family: 'WAI NZ LIGHT';\\\">Donnerstag, 14. November 2024. Beginn: <\/span><\/span>19 Uhr. Einlass ab 18 Uhr.<\/span><\/div><div style=\\\"line-height: 1.3;\\\"><span style=\\\"font-size: 20px;\\\"><span style=\\\"font-family: 'WAI NZ HEAVY';\\\">Eintritt:\u00a0<\/span>12 \u20ac inkl. Besuch der WAI Galleries. Das Eintrittsgeld ist in bar an der Kasse zu entrichten.<\/span><\/div><div style=\\\"line-height: 1.3;\\\"><span style=\\\"font-size: 20px;\\\">Das WAI ist barrierefrei zug\u00e4nglich.<\/span><\/div><div style=\\\"line-height: 1.3;\\\"><span style=\\\"font-size: 20px; font-family: 'WAI NZ HEAVY';\\\">Im Anschluss an die jeweiligen Filmpr\u00e4sentationen gibt es die M\u00f6glichkeit einer Gespr\u00e4chsrunde mit Projektbeteiligten und Experten.<\/span><\/div>\",\r\n      \"align\": \"top\",\r\n      \"row\": 6,\r\n      \"col\": 0,\r\n      \"colspan\": 1,\r\n      \"offsetx\": 0,\r\n      \"offsety\": 0,\r\n      \"spaceabove\": 0,\r\n      \"spacebelow\": 0,\r\n      \"yvel\": 1,\r\n      \"push\": 0,\r\n      \"relid\": 15,\r\n      \"absolute_position\": false\r\n    }\r\n  ]\r\n}","_links":{"self":[{"href":"https:\/\/woodsartinstitute.com\/zh\/wp-json\/wp\/v2\/posts\/884","targetHints":{"allow":["GET"]}}],"collection":[{"href":"https:\/\/woodsartinstitute.com\/zh\/wp-json\/wp\/v2\/posts"}],"about":[{"href":"https:\/\/woodsartinstitute.com\/zh\/wp-json\/wp\/v2\/types\/post"}],"author":[{"embeddable":true,"href":"https:\/\/woodsartinstitute.com\/zh\/wp-json\/wp\/v2\/users\/2"}],"replies":[{"embeddable":true,"href":"https:\/\/woodsartinstitute.com\/zh\/wp-json\/wp\/v2\/comments?post=884"}],"version-history":[{"count":0,"href":"https:\/\/woodsartinstitute.com\/zh\/wp-json\/wp\/v2\/posts\/884\/revisions"}],"wp:featuredmedia":[{"embeddable":true,"href":"https:\/\/woodsartinstitute.com\/zh\/wp-json\/wp\/v2\/media\/879"}],"wp:attachment":[{"href":"https:\/\/woodsartinstitute.com\/zh\/wp-json\/wp\/v2\/media?parent=884"}],"wp:term":[{"taxonomy":"category","embeddable":true,"href":"https:\/\/woodsartinstitute.com\/zh\/wp-json\/wp\/v2\/categories?post=884"},{"taxonomy":"post_tag","embeddable":true,"href":"https:\/\/woodsartinstitute.com\/zh\/wp-json\/wp\/v2\/tags?post=884"}],"curies":[{"name":"wp","href":"https:\/\/api.w.org\/{rel}","templated":true}]}}