{"id":885,"date":"2024-09-05T12:49:05","date_gmt":"2024-09-05T12:49:05","guid":{"rendered":"https:\/\/woodsartinstitute.com\/harald-naegeli-copy\/"},"modified":"2024-09-30T16:37:32","modified_gmt":"2024-09-30T16:37:32","slug":"walter-josef-fischer-alias-oz","status":"publish","type":"post","link":"https:\/\/woodsartinstitute.com\/zh\/walter-josef-fischer-alias-oz\/","title":{"rendered":"Walter Josef Fischer alias Oz"},"content":{"rendered":"","protected":false},"excerpt":{"rendered":"","protected":false},"author":2,"featured_media":880,"comment_status":"closed","ping_status":"closed","sticky":false,"template":"","format":"standard","meta":[],"categories":[1],"tags":[],"class_list":["post-885","post","type-post","status-publish","has-post-thumbnail","hentry","category-work"],"grid":"{\r\n  \"colCount\": 12,\r\n  \"colGutter\": 1,\r\n  \"rowGutters\": [],\r\n  \"frameMargin\": 0,\r\n  \"topFrameMargin\": 200,\r\n  \"bottomFrameMargin\": 200,\r\n  \"rowAttrs\": [\r\n    {\r\n      \"relid\": 61\r\n    }\r\n  ],\r\n  \"bgColor\": null,\r\n  \"cont\": [\r\n    {\r\n      \"type\": \"stack\",\r\n      \"cont\": [\r\n        {\r\n          \"type\": \"img\",\r\n          \"cont\": \"\/wp-content\/uploads\/2024\/09\/04_oz_s.jpg\",\r\n          \"align\": \"top\",\r\n          \"row\": -1,\r\n          \"col\": 0,\r\n          \"colspan\": 5,\r\n          \"offsetx\": 0,\r\n          \"offsety\": 0,\r\n          \"spaceabove\": 0,\r\n          \"spacebelow\": 0,\r\n          \"yvel\": 1,\r\n          \"push\": 0,\r\n          \"relid\": 1,\r\n          \"attid\": 880,\r\n          \"sizes\": {\r\n            \"full\": \"\/wp-content\/uploads\/2024\/09\/04_oz_s.jpg\",\r\n            \"_768\": \"\/wp-content\/uploads\/2024\/09\/04_oz_s-768x460.jpg\",\r\n            \"_512\": \"\/wp-content\/uploads\/2024\/09\/04_oz_s-512x307.jpg\",\r\n            \"_265\": \"\/wp-content\/uploads\/2024\/09\/04_oz_s-265x159.jpg\"\r\n          },\r\n          \"w\": 800,\r\n          \"h\": 479,\r\n          \"ar\": 0.59875,\r\n          \"alt\": \"\",\r\n          \"absolute_position\": false\r\n        },\r\n        {\r\n          \"type\": \"text\",\r\n          \"cont\": \"<p style=\\\"text-align: right; line-height: 1;\\\"><span style=\\\"font-size: 44px;\\\"><span style=\\\"font-family: 'WAI NZ HEAVY';\\\"><span style=\\\"font-size: 44px;\\\">WALTER JOSEF FISCHER ALIAS OZ<\/span><br \/><\/span><\/span><\/p><p style=\\\"text-align: right;\\\"><span style=\\\"font-size: 25px;\\\"><span style=\\\"font-family: 'WAI NZ HEAVY';\\\">OZ, Legendary Graffiti Artist, Killed While Tagging<br \/><\/span>USA, 2014, 4:30 Min.<\/span><\/p>\",\r\n          \"align\": \"top\",\r\n          \"row\": -1,\r\n          \"col\": 0,\r\n          \"colspan\": 5,\r\n          \"offsetx\": 0,\r\n          \"offsety\": 0,\r\n          \"spaceabove\": 2,\r\n          \"spacebelow\": 0,\r\n          \"yvel\": 1,\r\n          \"push\": 0,\r\n          \"relid\": 65,\r\n          \"absolute_position\": false,\r\n          \"dosync\": false\r\n        },\r\n        {\r\n          \"type\": \"hr\",\r\n          \"cont\": \"\",\r\n          \"align\": \"middle\",\r\n          \"row\": -1,\r\n          \"col\": 0,\r\n          \"colspan\": 5,\r\n          \"offsetx\": 0,\r\n          \"offsety\": 0,\r\n          \"spaceabove\": 3,\r\n          \"spacebelow\": 3,\r\n          \"yvel\": 1,\r\n          \"push\": 0,\r\n          \"relid\": 18,\r\n          \"absolute_position\": false\r\n        },\r\n        {\r\n          \"type\": \"text\",\r\n          \"cont\": \"<div><span style=\\\"font-size: 25px;\\\"><span style=\\\"font-family: 'WAI NZ HEAVY';\\\">Anmeldung erforderlich:<\/span> Wir bitten um Angabe der Teilnehmeranzahl und Nennung der Filmvorstellung\u00a0per Email an anmeldung@woodsartinstitute.com<\/span><\/div><div><span style=\\\"font-size: 25px;\\\"><span style=\\\"font-family: WAI NZ HEAVY;\\\">Wann? <span style=\\\"font-family: 'WAI NZ LIGHT';\\\">Donnerstag, 28. November 2024. <\/span><\/span>Beginn: 19 Uhr. Einlass ab 18 Uhr.<\/span><\/div><div><span style=\\\"font-size: 25px;\\\"><span style=\\\"font-family: 'WAI NZ HEAVY';\\\">Eintritt:\u00a0<\/span>12 \u20ac inkl. Besuch der WAI Galleries. Das Eintrittsgeld ist in bar an der Kasse zu entrichten.<\/span><\/div><div><span style=\\\"font-size: 25px;\\\">Das WAI ist barrierefrei zug\u00e4nglich.<\/span><\/div><div><span style=\\\"font-size: 25px; font-family: 'WAI NZ HEAVY';\\\">Im Anschluss an die jeweiligen Filmpr\u00e4sentationen gibt es die M\u00f6glichkeit einer Gespr\u00e4chsrunde mit Projektbeteiligten und Experten.<\/span><\/div>\",\r\n          \"align\": \"middle\",\r\n          \"row\": -1,\r\n          \"col\": 0,\r\n          \"colspan\": 5,\r\n          \"offsetx\": 0,\r\n          \"offsety\": 0,\r\n          \"spaceabove\": 0,\r\n          \"spacebelow\": 0,\r\n          \"yvel\": 1,\r\n          \"push\": 0,\r\n          \"relid\": 17,\r\n          \"absolute_position\": false\r\n        }\r\n      ],\r\n      \"align\": \"top\",\r\n      \"row\": 0,\r\n      \"col\": 1,\r\n      \"colspan\": 5,\r\n      \"offsetx\": 0,\r\n      \"offsety\": 0,\r\n      \"spaceabove\": 0,\r\n      \"spacebelow\": 0,\r\n      \"yvel\": 1,\r\n      \"push\": 1,\r\n      \"relid\": 64,\r\n      \"absolute_position\": false,\r\n      \"frameOverflow\": \"\"\r\n    },\r\n    {\r\n      \"type\": \"text\",\r\n      \"cont\": \"<p>Die Presse nannte ihn \u201eHamburgs schlimmsten Spr\u00fcher\u201c. Walter Josef Fischer alias \u201eOZ\u201c war ab Anfang der 1990er Jahre \u00fcber zwei Jahrzehnte hinweg der bekannteste \u2013 und ber\u00fcchtigtste \u2013 Spr\u00fcher der Stadt.<br \/>Als er 2014 beim Spr\u00fchen t\u00f6dlich verungl\u00fcckte, hinterlie\u00df er im Hamburger Stadtraum ein Gesamtwerk, das die Nachwelt bis heute besch\u00e4ftigt. Eine Herausforderung besteht allein darin, den tats\u00e4chlichen Umfang von Fischers Schaffen zu beziffern \u2013 ein Projekt, dem sich die Website city-of-oz.hamburg angenommen hat, auf der man Werke, die man gesichtet hat, auf einem interaktiven Stadtplan lokalisieren kann.<br \/>Eine weitere Aufgabe ist es, das gewaltige \u2013 und in hohem Ma\u00dfe un\u00fcbersichtliche \u2013 Werk zu systematisieren. Noch zu Lebzeiten Fischers wurde damit begonnen, dessen Werk zu typologisieren, um die Grundlage f\u00fcr eine systematische Betrachtung zu schaffen.<br \/>Fischer, der von den Medien immer wieder als \u201eSchmierfink\u201c tituliert wurde, verb\u00fc\u00dfte acht Jahre Haft f\u00fcr seine Taten, war immer wieder Hass und Hetze ausgesetzt und wurde 1999 von Mitarbeitern der S-Bahn-Wache schwer misshandelt.<br \/>Die Stigmatisierung war f\u00fcr Fischer, der als uneheliches Kind geboren, von der Mutter abgeschoben und in einem katholischen Heim aufgewachsen war, eine zentrale Lebenserfahrung. Und so betrachtete er seinen farbenfrohen Kampf gegen das Betongrau als Akt des Widerstands gegen die Verdr\u00e4ngungsstrategien einer Gesellschaft.<br \/>Im Kampf der Beh\u00f6rden gegen seine Person sah Walter Josef Fischer den Versuch, Werte und Normen aufrechtzuerhalten, die den Faschismus m\u00f6glich gemacht hatten \u2013 und ihn immer wieder aufs Neue m\u00f6glich machten. Und tats\u00e4chlich wurde er mit der Zeit zu einer Projektionsfl\u00e4che, an der die Gesellschaft ihre autorit\u00e4ren Impulse gegen \u201edas Andere\u201c ausleben konnte.<\/p><p><span style=\\\"font-family: 'WAI NZ HEAVY';\\\"><br \/>Gespr\u00e4chsrunde und Vortrag mit:<\/span><\/p><p><span style=\\\"font-family: 'WAI NZ HEAVY';\\\">Matze Jung<\/span> rief mit anderen die Website city-of-oz.hamburg ins Leben, ein Projekt des G\u00e4ngeviertels Hamburg und des Graffitiarchivs Berlin. Neben einem umfassenden Presse- und Artikelarchiv zielt das Projekt auf eine kollektive fotografische Dokumentation von OZ\u00b4 Werk mit kartographischer Verortung.<\/p><p><span style=\\\"font-family: 'WAI NZ HEAVY';\\\">Lars Klingenberg<\/span> arbeitet seit den 2000er Jahren fotografisch und publizistisch \u00fcber Walter Josef Fischer. 2009 erschien in Zusammenarbeit mit der Vicious Galerie in Hamburg der erste Bildband \u00fcber \u201eOZ \u2013 Es Lebe der Spr\u00fchling\u201c. 2015 kuratierte er die posthume Ausstellungsbeteiligung des K\u00fcnstlers \u201eFuck the Norm\u201c anl\u00e4sslich des Graffiti- und Street-Art-Festivals in der Bundeskunsthalle Bonn. Klingenberg hat mit Kathleen G\u00f6ttsche den Text \u201eSpr\u00fchen=Leben\u201c f\u00fcr den Bild- und Textband \u201eEINE STADT WIRD BUNT\u201c (2021) publiziert.<\/p>\",\r\n      \"align\": \"top\",\r\n      \"row\": 0,\r\n      \"col\": 7,\r\n      \"colspan\": 4,\r\n      \"offsetx\": 0,\r\n      \"offsety\": 0,\r\n      \"spaceabove\": 0,\r\n      \"spacebelow\": 3,\r\n      \"yvel\": 1,\r\n      \"push\": 1,\r\n      \"relid\": 63,\r\n      \"absolute_position\": false,\r\n      \"dosync\": false\r\n    }\r\n  ]\r\n}","phonegrid":"{\r\n  \"colCount\": 1,\r\n  \"colGutter\": 1,\r\n  \"rowGutters\": [\r\n    \"10\",\r\n    \"15\",\r\n    \"10\",\r\n    5\r\n  ],\r\n  \"frameMargin\": 5,\r\n  \"topFrameMargin\": \"10\",\r\n  \"bottomFrameMargin\": \"10\",\r\n  \"rowAttrs\": [\r\n    {\r\n      \"relid\": 2\r\n    },\r\n    {\r\n      \"relid\": 74\r\n    },\r\n    {\r\n      \"relid\": 72\r\n    },\r\n    {\r\n      \"relid\": 12\r\n    },\r\n    {\r\n      \"relid\": 14\r\n    }\r\n  ],\r\n  \"bgColor\": null,\r\n  \"cont\": [\r\n    {\r\n      \"type\": \"img\",\r\n      \"cont\": \"\/wp-content\/uploads\/2024\/09\/04_oz_s.jpg\",\r\n      \"align\": \"top\",\r\n      \"row\": 0,\r\n      \"col\": 0,\r\n      \"colspan\": 1,\r\n      \"offsetx\": 0,\r\n      \"offsety\": 0,\r\n      \"spaceabove\": 0,\r\n      \"spacebelow\": 0,\r\n      \"yvel\": 1,\r\n      \"push\": 0,\r\n      \"relid\": 3,\r\n      \"attid\": 880,\r\n      \"sizes\": {\r\n        \"full\": \"\/wp-content\/uploads\/2024\/09\/04_oz_s.jpg\",\r\n        \"_768\": \"\/wp-content\/uploads\/2024\/09\/04_oz_s-768x460.jpg\",\r\n        \"_512\": \"\/wp-content\/uploads\/2024\/09\/04_oz_s-512x307.jpg\",\r\n        \"_265\": \"\/wp-content\/uploads\/2024\/09\/04_oz_s-265x159.jpg\"\r\n      },\r\n      \"w\": 800,\r\n      \"h\": 479,\r\n      \"ar\": 0.59875,\r\n      \"alt\": \"\",\r\n      \"absolute_position\": false\r\n    },\r\n    {\r\n      \"type\": \"text\",\r\n      \"cont\": \"\",\r\n      \"align\": \"top\",\r\n      \"row\": 1,\r\n      \"col\": 0,\r\n      \"colspan\": 1,\r\n      \"offsetx\": 0,\r\n      \"offsety\": 0,\r\n      \"spaceabove\": \"0\",\r\n      \"spacebelow\": 0,\r\n      \"yvel\": 1,\r\n      \"push\": 0,\r\n      \"relid\": 65,\r\n      \"absolute_position\": false,\r\n      \"dosync\": false\r\n    },\r\n    {\r\n      \"type\": \"text\",\r\n      \"cont\": \"<p style=\\\"line-height: 1.3;\\\"><span style=\\\"font-size: 20px;\\\">Die Presse nannte ihn \u201eHamburgs schlimmsten Spr\u00fcher\u201c. Walter Josef Fischer alias \u201eOZ\u201c war ab Anfang der 1990er Jahre \u00fcber zwei Jahrzehnte hinweg der bekannteste \u2013 und ber\u00fcchtigtste \u2013 Spr\u00fcher der Stadt.<\/span><br \/><span style=\\\"font-size: 20px;\\\">Als er 2014 beim Spr\u00fchen t\u00f6dlich verungl\u00fcckte, hinterlie\u00df er im Hamburger Stadtraum ein Gesamtwerk, das die Nachwelt bis heute besch\u00e4ftigt. Eine Herausforderung besteht allein darin, den tats\u00e4chlichen Umfang von Fischers Schaffen zu beziffern \u2013 ein Projekt, dem sich die Website city-of-oz.hamburg angenommen hat, auf der man Werke, die man gesichtet hat, auf einem interaktiven Stadtplan lokalisieren kann.<\/span><br \/><span style=\\\"font-size: 20px;\\\">Eine weitere Aufgabe ist es, das gewaltige \u2013 und in hohem Ma\u00dfe un\u00fcbersichtliche \u2013 Werk zu systematisieren. Noch zu Lebzeiten Fischers wurde damit begonnen, dessen Werk zu typologisieren, um die Grundlage f\u00fcr eine systematische Betrachtung zu schaffen.<\/span><br \/><span style=\\\"font-size: 20px;\\\">Fischer, der von den Medien immer wieder als \u201eSchmierfink\u201c tituliert wurde, verb\u00fc\u00dfte acht Jahre Haft f\u00fcr seine Taten, war immer wieder Hass und Hetze ausgesetzt und wurde 1999 von Mitarbeitern der S-Bahn-Wache schwer misshandelt.<\/span><br \/><span style=\\\"font-size: 20px;\\\">Die Stigmatisierung war f\u00fcr Fischer, der als uneheliches Kind geboren, von der Mutter abgeschoben und in einem katholischen Heim aufgewachsen war, eine zentrale Lebenserfahrung. Und so betrachtete er seinen farbenfrohen Kampf gegen das Betongrau als Akt des Widerstands gegen die Verdr\u00e4ngungsstrategien einer Gesellschaft.<\/span><br \/><span style=\\\"font-size: 20px;\\\">Im Kampf der Beh\u00f6rden gegen seine Person sah Walter Josef Fischer den Versuch, Werte und Normen aufrechtzuerhalten, die den Faschismus m\u00f6glich gemacht hatten \u2013 und ihn immer wieder aufs Neue m\u00f6glich machten. Und tats\u00e4chlich wurde er mit der Zeit zu einer Projektionsfl\u00e4che, an der die Gesellschaft ihre autorit\u00e4ren Impulse gegen \u201edas Andere\u201c ausleben konnte.<\/span><\/p><p style=\\\"line-height: 1.3;\\\"><span style=\\\"font-family: 'WAI NZ HEAVY'; font-size: 20px;\\\"><br \/>Gespr\u00e4chsrunde und Vortrag mit:<\/span><\/p><p style=\\\"line-height: 1.3;\\\"><span style=\\\"font-size: 20px;\\\"><span style=\\\"font-family: 'WAI NZ HEAVY';\\\">Matze Jung<\/span> rief mit anderen die Website city-of-oz.hamburg ins Leben, ein Projekt des G\u00e4ngeviertels Hamburg und des Graffitiarchivs Berlin. Neben einem umfassenden Presse- und Artikelarchiv zielt das Projekt auf eine kollektive fotografische Dokumentation von OZ\u00b4 Werk mit kartographischer Verortung.<\/span><\/p><p style=\\\"line-height: 1.3;\\\"><span style=\\\"font-size: 20px;\\\"><span style=\\\"font-family: 'WAI NZ HEAVY';\\\">Lars Klingenberg<\/span> arbeitet seit den 2000er Jahren fotografisch und publizistisch \u00fcber Walter Josef Fischer. 2009 erschien in Zusammenarbeit mit der Vicious Galerie in Hamburg der erste Bildband \u00fcber \u201eOZ \u2013 Es Lebe der Spr\u00fchling\u201c. 2015 kuratierte er die posthume Ausstellungsbeteiligung des K\u00fcnstlers \u201eFuck the Norm\u201c anl\u00e4sslich des Graffiti- und Street-Art-Festivals in der Bundeskunsthalle Bonn. Klingenberg hat mit Kathleen G\u00f6ttsche den Text \u201eSpr\u00fchen=Leben\u201c f\u00fcr den Bild- und Textband \u201eEINE STADT WIRD BUNT\u201c (2021) publiziert.<\/span><\/p>\",\r\n      \"align\": \"top\",\r\n      \"row\": 2,\r\n      \"col\": 0,\r\n      \"colspan\": 1,\r\n      \"offsetx\": 0,\r\n      \"offsety\": 0,\r\n      \"spaceabove\": 0,\r\n      \"spacebelow\": 0,\r\n      \"yvel\": 1,\r\n      \"push\": 0,\r\n      \"relid\": 63,\r\n      \"absolute_position\": false,\r\n      \"dosync\": false\r\n    },\r\n    {\r\n      \"type\": \"hr\",\r\n      \"cont\": \"\",\r\n      \"align\": \"middle\",\r\n      \"row\": 3,\r\n      \"col\": 0,\r\n      \"colspan\": 1,\r\n      \"offsetx\": 0,\r\n      \"offsety\": 0,\r\n      \"spaceabove\": 0,\r\n      \"spacebelow\": 0,\r\n      \"yvel\": 1,\r\n      \"push\": 0,\r\n      \"relid\": 13,\r\n      \"absolute_position\": false\r\n    },\r\n    {\r\n      \"type\": \"text\",\r\n      \"cont\": \"<div style=\\\"line-height: 1.3;\\\"><span style=\\\"font-size: 20px;\\\"><span style=\\\"font-family: 'WAI NZ HEAVY';\\\">Anmeldung erforderlich:<\/span> Wir bitten um Angabe der Teilnehmeranzahl und Nennung der Filmvorstellung\u00a0per Email an <span style=\\\"text-decoration: underline;\\\"><a href=\\\"mailto:anmeldung@woodsartinstitute.com\\\">anmeldung@woodsartinstitute.com<\/a><\/span><\/span><\/div><div style=\\\"line-height: 1.3;\\\"><span style=\\\"font-size: 20px;\\\"><span style=\\\"font-family: WAI NZ HEAVY;\\\">Wann? <span style=\\\"font-family: 'WAI NZ LIGHT';\\\">Donnerstag, 28. November 2024. <\/span><\/span>Beginn: 19 Uhr. Einlass ab 18 Uhr.<\/span><\/div><div style=\\\"line-height: 1.3;\\\"><span style=\\\"font-size: 20px;\\\"><span style=\\\"font-family: 'WAI NZ HEAVY';\\\">Eintritt:\u00a0<\/span>12 \u20ac inkl. Besuch der WAI Galleries. Das Eintrittsgeld ist in bar an der Kasse zu entrichten.<\/span><\/div><div style=\\\"line-height: 1.3;\\\"><span style=\\\"font-size: 20px;\\\">Das WAI ist barrierefrei zug\u00e4nglich.<\/span><\/div><div style=\\\"line-height: 1.3;\\\"><span style=\\\"font-size: 20px; font-family: 'WAI NZ HEAVY';\\\">Im Anschluss an die jeweiligen Filmpr\u00e4sentationen gibt es die M\u00f6glichkeit einer Gespr\u00e4chsrunde mit Projektbeteiligten und Experten.<\/span><\/div>\",\r\n      \"align\": \"top\",\r\n      \"row\": 4,\r\n      \"col\": 0,\r\n      \"colspan\": 1,\r\n      \"offsetx\": 0,\r\n      \"offsety\": 0,\r\n      \"spaceabove\": 0,\r\n      \"spacebelow\": 0,\r\n      \"yvel\": 1,\r\n      \"push\": 0,\r\n      \"relid\": 15,\r\n      \"absolute_position\": false\r\n    }\r\n  ]\r\n}","_links":{"self":[{"href":"https:\/\/woodsartinstitute.com\/zh\/wp-json\/wp\/v2\/posts\/885","targetHints":{"allow":["GET"]}}],"collection":[{"href":"https:\/\/woodsartinstitute.com\/zh\/wp-json\/wp\/v2\/posts"}],"about":[{"href":"https:\/\/woodsartinstitute.com\/zh\/wp-json\/wp\/v2\/types\/post"}],"author":[{"embeddable":true,"href":"https:\/\/woodsartinstitute.com\/zh\/wp-json\/wp\/v2\/users\/2"}],"replies":[{"embeddable":true,"href":"https:\/\/woodsartinstitute.com\/zh\/wp-json\/wp\/v2\/comments?post=885"}],"version-history":[{"count":0,"href":"https:\/\/woodsartinstitute.com\/zh\/wp-json\/wp\/v2\/posts\/885\/revisions"}],"wp:featuredmedia":[{"embeddable":true,"href":"https:\/\/woodsartinstitute.com\/zh\/wp-json\/wp\/v2\/media\/880"}],"wp:attachment":[{"href":"https:\/\/woodsartinstitute.com\/zh\/wp-json\/wp\/v2\/media?parent=885"}],"wp:term":[{"taxonomy":"category","embeddable":true,"href":"https:\/\/woodsartinstitute.com\/zh\/wp-json\/wp\/v2\/categories?post=885"},{"taxonomy":"post_tag","embeddable":true,"href":"https:\/\/woodsartinstitute.com\/zh\/wp-json\/wp\/v2\/tags?post=885"}],"curies":[{"name":"wp","href":"https:\/\/api.w.org\/{rel}","templated":true}]}}